{"id":184,"date":"2012-01-21T12:00:00","date_gmt":"2012-01-21T14:00:00","guid":{"rendered":"https:\/\/gremiovencedor.com.br\/novo\/?p=184"},"modified":"2026-07-30T13:06:55","modified_gmt":"2026-07-30T16:06:55","slug":"a-bola-vai-rolar-em-2012","status":"publish","type":"post","link":"https:\/\/gremiovencedor.com.br\/novo\/a-bola-vai-rolar-em-2012\/","title":{"rendered":"A bola vai rolar em 2012!"},"content":{"rendered":"<p>Estamos diante do in\u00edcio de mais uma temporada para o nosso Gr\u00eamio, com a esperan\u00e7a de que seja um ano de muitas conquistas e de boas escolhas administrativas no nosso clube, ao contr\u00e1rio do que aconteceu em 2011. Com investimentos vultosos durante o per\u00edodo de f\u00e9rias, a atual dire\u00e7\u00e3o decidiu fazer um grande aporte de dinheiro no Departamento de Futebol. Por isso, cresce a expectativa de que o time volte a ter conquistas importantes. \u00c9 o que desejamos, isso sempre combinado com uma boa gest\u00e3o, especialmente financeira, j\u00e1 que acompanhamos pela m\u00eddia a execu\u00e7\u00e3o de valores extraordin\u00e1rios nessas \u00faltimas semanas. 2012 \u00e9 especial dentro e fora de campo. Estaremos tamb\u00e9m cumprindo nosso \u00faltimo ano no lend\u00e1rio Est\u00e1dio Ol\u00edmpico para, a partir de 2013, jogarmos na nova casa, a Arena. O assunto exige transpar\u00eancia e seriedade, especialmente em rela\u00e7\u00e3o aos direitos dos associados. Esperamos isto da Dire\u00e7\u00e3o: respeito aos s\u00f3cios, sabedoria na condu\u00e7\u00e3o do processo de transi\u00e7\u00e3o para o bairro Humait\u00e1 e holofotes voltados ao clube, n\u00e3o aos seus dirigentes.\u00a0 \u00a0 A temporada \u00e9 ainda fundamental no processo eleitoral. Em setembro, elegeremos o novo presidente do Gr\u00eamio, assunto esse para mais adiante. O MGV tem trabalhado muito para desenvolver um projeto de gest\u00e3o compat\u00edvel com a grandeza do nosso clube, o qual levaremos ao conhecimento dos torcedores e s\u00f3cios no momento adequado. \u00a0 A bola vai rolar para o Gauch\u00e3o! Boa sorte torcida tricolor. Que comece neste s\u00e1bado um longo per\u00edodo de vit\u00f3rias e conquistas! \u00a0 Foto:\u00a0Tadeu Vilani\/Zero Hora<\/p>\n","protected":false},"excerpt":{"rendered":"<p>Estamos diante do in\u00edcio de mais uma temporada para o nosso Gr\u00eamio, com a esperan\u00e7a de que seja um ano de muitas conquistas e de boas escolhas administrativas no nosso clube, ao contr\u00e1rio do que aconteceu em 2011. Com investimentos vultosos durante o per\u00edodo de f\u00e9rias, a atual dire\u00e7\u00e3o decidiu fazer um grande aporte de [&hellip;]<\/p>\n","protected":false},"author":1,"featured_media":146,"comment_status":"closed","ping_status":"closed","sticky":false,"template":"","format":"standard","meta":{"_monsterinsights_skip_tracking":false,"footnotes":""},"categories":[16],"tags":[],"class_list":["post-184","post","type-post","status-publish","format-standard","has-post-thumbnail","hentry","category-noticias"],"_links":{"self":[{"href":"https:\/\/gremiovencedor.com.br\/novo\/wp-json\/wp\/v2\/posts\/184","targetHints":{"allow":["GET"]}}],"collection":[{"href":"https:\/\/gremiovencedor.com.br\/novo\/wp-json\/wp\/v2\/posts"}],"about":[{"href":"https:\/\/gremiovencedor.com.br\/novo\/wp-json\/wp\/v2\/types\/post"}],"author":[{"embeddable":true,"href":"https:\/\/gremiovencedor.com.br\/novo\/wp-json\/wp\/v2\/users\/1"}],"replies":[{"embeddable":true,"href":"https:\/\/gremiovencedor.com.br\/novo\/wp-json\/wp\/v2\/comments?post=184"}],"version-history":[{"count":1,"href":"https:\/\/gremiovencedor.com.br\/novo\/wp-json\/wp\/v2\/posts\/184\/revisions"}],"predecessor-version":[{"id":400,"href":"https:\/\/gremiovencedor.com.br\/novo\/wp-json\/wp\/v2\/posts\/184\/revisions\/400"}],"wp:featuredmedia":[{"embeddable":true,"href":"https:\/\/gremiovencedor.com.br\/novo\/wp-json\/wp\/v2\/media\/146"}],"wp:attachment":[{"href":"https:\/\/gremiovencedor.com.br\/novo\/wp-json\/wp\/v2\/media?parent=184"}],"wp:term":[{"taxonomy":"category","embeddable":true,"href":"https:\/\/gremiovencedor.com.br\/novo\/wp-json\/wp\/v2\/categories?post=184"},{"taxonomy":"post_tag","embeddable":true,"href":"https:\/\/gremiovencedor.com.br\/novo\/wp-json\/wp\/v2\/tags?post=184"}],"curies":[{"name":"wp","href":"https:\/\/api.w.org\/{rel}","templated":true}]}}