{"id":188,"date":"2012-03-26T12:00:00","date_gmt":"2012-03-26T15:00:00","guid":{"rendered":"https:\/\/gremiovencedor.com.br\/novo\/?p=188"},"modified":"2026-07-30T13:06:56","modified_gmt":"2026-07-30T16:06:56","slug":"nota-oficial-do-mgv","status":"publish","type":"post","link":"https:\/\/gremiovencedor.com.br\/novo\/nota-oficial-do-mgv\/","title":{"rendered":"Nota Oficial do MGV"},"content":{"rendered":"<p>Em face da nota \u201cElei\u00e7\u00f5es I\u201d, publicada na coluna do prestigiado jornalista Hiltor Mombach no Correio do Povo deste\u00a0s\u00e1bado, 24 de mar\u00e7o de 2012, o Movimento Gr\u00eamio Vencedor vem a p\u00fablico esclarecer: (1) que s\u00e3o inteiramente inver\u00eddicas as declara\u00e7\u00f5es pretensamente havidas em jantar do MGV e atribu\u00eddas ao Dr. Luiz Carlos Silveira\u00a0Martins, dirigente multicampe\u00e3o; (2) que o MGV tem o compromisso, nas elei\u00e7\u00f5es para o Conselho de Administra\u00e7\u00e3o aprazadas para 2012, de oferecer aos associados candidatura capaz de repor o Gr\u00eamio no caminho das grandes vit\u00f3rias, pelo que, neste momento, aguarda o posicionamento do Dr. F\u00e1bio Andr\u00e9 Koff, o maior presidente de todos os tempos, na esperan\u00e7a de v\u00ea-lo outra vez mais no\u00a0comando do Clube. Coordena\u00e7\u00e3o do Movimento Gr\u00eamio Vencedor \u00a0 Publica\u00e7\u00e3o no Blog de Hiltor Mombach:\u00a0http:\/\/www.correiodopovo.com.br\/blogs\/hiltormombach\/?p=14223 Publica\u00e7\u00e3o no jornal Correio do Povo:\u00a0http:\/\/www.correiodopovo.com.br\/Impresso\/?Ano=117&amp;Numero=178&amp;Caderno=0&amp;Editoria=128&amp;Noticia=406192<\/p>\n","protected":false},"excerpt":{"rendered":"<p>Em face da nota \u201cElei\u00e7\u00f5es I\u201d, publicada na coluna do prestigiado jornalista Hiltor Mombach no Correio do Povo deste\u00a0s\u00e1bado, 24 de mar\u00e7o de 2012, o Movimento Gr\u00eamio Vencedor vem a p\u00fablico esclarecer: (1) que s\u00e3o inteiramente inver\u00eddicas as declara\u00e7\u00f5es pretensamente havidas em jantar do MGV e atribu\u00eddas ao Dr. Luiz Carlos Silveira\u00a0Martins, dirigente multicampe\u00e3o; (2) [&hellip;]<\/p>\n","protected":false},"author":1,"featured_media":146,"comment_status":"closed","ping_status":"closed","sticky":false,"template":"","format":"standard","meta":{"_monsterinsights_skip_tracking":false,"footnotes":""},"categories":[16],"tags":[],"class_list":["post-188","post","type-post","status-publish","format-standard","has-post-thumbnail","hentry","category-noticias"],"_links":{"self":[{"href":"https:\/\/gremiovencedor.com.br\/novo\/wp-json\/wp\/v2\/posts\/188","targetHints":{"allow":["GET"]}}],"collection":[{"href":"https:\/\/gremiovencedor.com.br\/novo\/wp-json\/wp\/v2\/posts"}],"about":[{"href":"https:\/\/gremiovencedor.com.br\/novo\/wp-json\/wp\/v2\/types\/post"}],"author":[{"embeddable":true,"href":"https:\/\/gremiovencedor.com.br\/novo\/wp-json\/wp\/v2\/users\/1"}],"replies":[{"embeddable":true,"href":"https:\/\/gremiovencedor.com.br\/novo\/wp-json\/wp\/v2\/comments?post=188"}],"version-history":[{"count":1,"href":"https:\/\/gremiovencedor.com.br\/novo\/wp-json\/wp\/v2\/posts\/188\/revisions"}],"predecessor-version":[{"id":397,"href":"https:\/\/gremiovencedor.com.br\/novo\/wp-json\/wp\/v2\/posts\/188\/revisions\/397"}],"wp:featuredmedia":[{"embeddable":true,"href":"https:\/\/gremiovencedor.com.br\/novo\/wp-json\/wp\/v2\/media\/146"}],"wp:attachment":[{"href":"https:\/\/gremiovencedor.com.br\/novo\/wp-json\/wp\/v2\/media?parent=188"}],"wp:term":[{"taxonomy":"category","embeddable":true,"href":"https:\/\/gremiovencedor.com.br\/novo\/wp-json\/wp\/v2\/categories?post=188"},{"taxonomy":"post_tag","embeddable":true,"href":"https:\/\/gremiovencedor.com.br\/novo\/wp-json\/wp\/v2\/tags?post=188"}],"curies":[{"name":"wp","href":"https:\/\/api.w.org\/{rel}","templated":true}]}}