{"id":190,"date":"2012-05-17T12:00:00","date_gmt":"2012-05-17T15:00:00","guid":{"rendered":"https:\/\/gremiovencedor.com.br\/novo\/?p=190"},"modified":"2026-07-30T13:06:56","modified_gmt":"2026-07-30T16:06:56","slug":"do-mgv-visitam-arena","status":"publish","type":"post","link":"https:\/\/gremiovencedor.com.br\/novo\/do-mgv-visitam-arena\/","title":{"rendered":"do MGV visitam Arena"},"content":{"rendered":"<p>\u00a0 Um grupo de integrantes do Movimento Gr\u00eamio Vencedor (MGV) visitou as obras da Arena nesta quinta-feira, dia 17. Conselheiros e s\u00f3cios foram at\u00e9 o local para conhecer\u00a0in loco\u00a0os espa\u00e7os que est\u00e3o sendo disponibilizados para a migra\u00e7\u00e3o do Ol\u00edmpico para a nova casa tricolor, a partir de dezembro deste ano. Eles foram recebidos no Espa\u00e7o do Torcedor e dali partiram para\u00a0o\u00a0\u00a0canteiro de obras. \u00a0<\/p>\n","protected":false},"excerpt":{"rendered":"<p>\u00a0 Um grupo de integrantes do Movimento Gr\u00eamio Vencedor (MGV) visitou as obras da Arena nesta quinta-feira, dia 17. Conselheiros e s\u00f3cios foram at\u00e9 o local para conhecer\u00a0in loco\u00a0os espa\u00e7os que est\u00e3o sendo disponibilizados para a migra\u00e7\u00e3o do Ol\u00edmpico para a nova casa tricolor, a partir de dezembro deste ano. Eles foram recebidos no Espa\u00e7o [&hellip;]<\/p>\n","protected":false},"author":1,"featured_media":191,"comment_status":"closed","ping_status":"closed","sticky":false,"template":"","format":"standard","meta":{"_monsterinsights_skip_tracking":false,"footnotes":""},"categories":[16],"tags":[],"class_list":["post-190","post","type-post","status-publish","format-standard","has-post-thumbnail","hentry","category-noticias"],"_links":{"self":[{"href":"https:\/\/gremiovencedor.com.br\/novo\/wp-json\/wp\/v2\/posts\/190","targetHints":{"allow":["GET"]}}],"collection":[{"href":"https:\/\/gremiovencedor.com.br\/novo\/wp-json\/wp\/v2\/posts"}],"about":[{"href":"https:\/\/gremiovencedor.com.br\/novo\/wp-json\/wp\/v2\/types\/post"}],"author":[{"embeddable":true,"href":"https:\/\/gremiovencedor.com.br\/novo\/wp-json\/wp\/v2\/users\/1"}],"replies":[{"embeddable":true,"href":"https:\/\/gremiovencedor.com.br\/novo\/wp-json\/wp\/v2\/comments?post=190"}],"version-history":[{"count":1,"href":"https:\/\/gremiovencedor.com.br\/novo\/wp-json\/wp\/v2\/posts\/190\/revisions"}],"predecessor-version":[{"id":395,"href":"https:\/\/gremiovencedor.com.br\/novo\/wp-json\/wp\/v2\/posts\/190\/revisions\/395"}],"wp:featuredmedia":[{"embeddable":true,"href":"https:\/\/gremiovencedor.com.br\/novo\/wp-json\/wp\/v2\/media\/191"}],"wp:attachment":[{"href":"https:\/\/gremiovencedor.com.br\/novo\/wp-json\/wp\/v2\/media?parent=190"}],"wp:term":[{"taxonomy":"category","embeddable":true,"href":"https:\/\/gremiovencedor.com.br\/novo\/wp-json\/wp\/v2\/categories?post=190"},{"taxonomy":"post_tag","embeddable":true,"href":"https:\/\/gremiovencedor.com.br\/novo\/wp-json\/wp\/v2\/tags?post=190"}],"curies":[{"name":"wp","href":"https:\/\/api.w.org\/{rel}","templated":true}]}}