{"id":192,"date":"2012-06-27T12:00:00","date_gmt":"2012-06-27T15:00:00","guid":{"rendered":"https:\/\/gremiovencedor.com.br\/novo\/?p=192"},"modified":"2026-07-30T13:06:56","modified_gmt":"2026-07-30T16:06:56","slug":"o-modelo-de-gestao-que-inspira-fabio-koff","status":"publish","type":"post","link":"https:\/\/gremiovencedor.com.br\/novo\/o-modelo-de-gestao-que-inspira-fabio-koff\/","title":{"rendered":"O modelo de gest\u00e3o que inspira F\u00e1bio Koff"},"content":{"rendered":"<p>\u00a0 Koff ainda n\u00e3o decidiu se ir\u00e1 concorrer nas elei\u00e7\u00f5es para presidente do Gr\u00eamio no final do ano Mat\u00e9ria do jornal Zero Hora aborda futuro do Gr\u00eamio e F\u00e1bio Koff Jr., integrante do MGV, fala da possibilidade do pai ser candidato \u00a0 \u00a0 Lu\u00eds Henrique Benfica O livro\u00a0A Bola n\u00e3o entra por acaso, escrito por Ferran Soriano, vice-presidente do Barcelona entre 2003 e 2008, serve de inspira\u00e7\u00e3o para o grupo pol\u00edtico que prepara a candidatura de F\u00e1bio Koff a presidente do Gr\u00eamio. Um resumo da obra foi transformado em dossi\u00ea e apresentado a Koff, que mostrou-se entusiasmado com as ideias que o grupo, formado por empres\u00e1rios e industriais de renome, pretende ver implantadas no Gr\u00eamio.\u00a0 O material foi repassado pelo ex-presidente a seus antigos colaboradores no Clube dos 13, entre eles o diretor jur\u00eddico Celso Rodriguez. Ele pediu um estudo sobre a viabilidade de se aplicar em um clube brasileiro uma estrat\u00e9gia bem sucedida na Europa.\u00a0 Aspectos como negocia\u00e7\u00e3o com jogadores, an\u00e1lise da estrat\u00e9gia das equipes advers\u00e1rias, estilos de lideran\u00e7as de treinadores e, sobretudo, altera\u00e7\u00f5es na filosofia de gest\u00e3o s\u00e3o abordados no livro de Ferran Soriano. Conforme a obra, o Barcelona, para crescer, cortou custos, desenvolveu a\u00e7\u00f5es de marketing e firmou-se como empresa de alcance global. Koff ainda n\u00e3o decidiu se ir\u00e1 concorrer. A novidade \u00e9 que ele j\u00e1 n\u00e3o \u00e9 mais definitivo ao rejeitar tal possibilidade, como ocorria at\u00e9 o in\u00edcio do ano. Uma das raz\u00f5es para a mudan\u00e7a de posicionamento \u00e9 a promessa feita pelos empres\u00e1rios de que ele ir\u00e1 dispor de elevados recursos financeiros para aplicar na contrata\u00e7\u00e3o de jogadores. Uma soma que pode ultrapassar os R$ 100 milh\u00f5es. Presidente campe\u00e3o da Libertadores e do mundo em 1983, F\u00e1bio Koff teria amplos poderes para montar seu conselho de administra\u00e7\u00e3o, composto em sua maioria por empres\u00e1rios. \u2014 Ele n\u00e3o descarta concorrer. Mas ainda est\u00e1 pensando. Quer, primeiro, amadurecer bastante a ideia \u2014 informa F\u00e1bio Koff Jr., filho do ex-presidente e integrante do movimento Gr\u00eamio Vencedor. Ele confirma que o pai tem mantido frequentes encontros com grupos oposicionistas interessados em lan\u00e7ar sua candidatura. E que a decis\u00e3o ser\u00e1 acatada pela fam\u00edlia, que, preocupada com problemas de sa\u00fade enfrentados recentemente, era contr\u00e1ria a sua volta ao clube. Consultados, amigos do ex-presidente garantem que ele j\u00e1 est\u00e1 recuperado. Foto: F\u00e9lix Zucco\/Ag\u00eancia RBS<\/p>\n","protected":false},"excerpt":{"rendered":"<p>\u00a0 Koff ainda n\u00e3o decidiu se ir\u00e1 concorrer nas elei\u00e7\u00f5es para presidente do Gr\u00eamio no final do ano Mat\u00e9ria do jornal Zero Hora aborda futuro do Gr\u00eamio e F\u00e1bio Koff Jr., integrante do MGV, fala da possibilidade do pai ser candidato \u00a0 \u00a0 Lu\u00eds Henrique Benfica O livro\u00a0A Bola n\u00e3o entra por acaso, escrito por [&hellip;]<\/p>\n","protected":false},"author":1,"featured_media":193,"comment_status":"closed","ping_status":"closed","sticky":false,"template":"","format":"standard","meta":{"_monsterinsights_skip_tracking":false,"footnotes":""},"categories":[16],"tags":[],"class_list":["post-192","post","type-post","status-publish","format-standard","has-post-thumbnail","hentry","category-noticias"],"_links":{"self":[{"href":"https:\/\/gremiovencedor.com.br\/novo\/wp-json\/wp\/v2\/posts\/192","targetHints":{"allow":["GET"]}}],"collection":[{"href":"https:\/\/gremiovencedor.com.br\/novo\/wp-json\/wp\/v2\/posts"}],"about":[{"href":"https:\/\/gremiovencedor.com.br\/novo\/wp-json\/wp\/v2\/types\/post"}],"author":[{"embeddable":true,"href":"https:\/\/gremiovencedor.com.br\/novo\/wp-json\/wp\/v2\/users\/1"}],"replies":[{"embeddable":true,"href":"https:\/\/gremiovencedor.com.br\/novo\/wp-json\/wp\/v2\/comments?post=192"}],"version-history":[{"count":1,"href":"https:\/\/gremiovencedor.com.br\/novo\/wp-json\/wp\/v2\/posts\/192\/revisions"}],"predecessor-version":[{"id":394,"href":"https:\/\/gremiovencedor.com.br\/novo\/wp-json\/wp\/v2\/posts\/192\/revisions\/394"}],"wp:featuredmedia":[{"embeddable":true,"href":"https:\/\/gremiovencedor.com.br\/novo\/wp-json\/wp\/v2\/media\/193"}],"wp:attachment":[{"href":"https:\/\/gremiovencedor.com.br\/novo\/wp-json\/wp\/v2\/media?parent=192"}],"wp:term":[{"taxonomy":"category","embeddable":true,"href":"https:\/\/gremiovencedor.com.br\/novo\/wp-json\/wp\/v2\/categories?post=192"},{"taxonomy":"post_tag","embeddable":true,"href":"https:\/\/gremiovencedor.com.br\/novo\/wp-json\/wp\/v2\/tags?post=192"}],"curies":[{"name":"wp","href":"https:\/\/api.w.org\/{rel}","templated":true}]}}