{"id":196,"date":"2012-07-26T12:00:00","date_gmt":"2012-07-26T15:00:00","guid":{"rendered":"https:\/\/gremiovencedor.com.br\/novo\/?p=196"},"modified":"2026-07-30T13:06:57","modified_gmt":"2026-07-30T16:06:57","slug":"entrevista-dr-renato-moreira","status":"publish","type":"post","link":"https:\/\/gremiovencedor.com.br\/novo\/entrevista-dr-renato-moreira\/","title":{"rendered":"Entrevista: Dr. Renato Moreira"},"content":{"rendered":"<p>Conselheiro do Gr\u00eamio h\u00e1 mais de 20 anos, Diretor do Departamento Jur\u00eddico de 1985 a 1990, Vice-Presidente Jur\u00eddico de 1993 a 1998 e Vice-Presidente de Futebol em 2005 e 2006, Renato Moreira fala sobre o atual momento e o futuro pol\u00edtico do Clube. 1 &#8211; Como voc\u00ea observa o cen\u00e1rio pol\u00edtico atual do Gr\u00eamio? Dr. Renato Moreira \u2013 Vejo com bastante preocupa\u00e7\u00e3o. Se antes t\u00ednhamos um Clube imperme\u00e1vel \u00e0 participa\u00e7\u00e3o dos associados na vida pol\u00edtica, agora temos uma Entidade que se deixou levar completamente por pr\u00e1ticas populistas, como ocorreu, por exemplo, na contrata\u00e7\u00e3o do atual treinador, que recebeu camiseta com o n\u00famero da partido do atual Presidente. N\u00e3o encontramos um ponto de equil\u00edbrio. Um Clube de Futebol precisa da participa\u00e7\u00e3o de seus s\u00f3cios, mas deve ser guiado por condutas administrativas empresariais e isso n\u00e3o est\u00e1 acontecendo. 2 &#8211; Como voc\u00ea v\u00ea o MGV nessa elei\u00e7\u00e3o? Qual a participa\u00e7\u00e3o que o movimento deve ter nesse pleito? Dr. Renato Moreira \u2013 Temos que apresentar o nosso projeto para o Gr\u00eamio. Isso \u00e9 o mais importante. \u00a0 3 &#8211; Movimentos de apoio \u00e0 atual diretoria do Gr\u00eamio agora v\u00eam \u00e0 p\u00fablico falar em privilegiar &#8220;projetos&#8221; ao inv\u00e9s de &#8220;pessoas&#8221;. Como podemos observar essa mudan\u00e7a de comportamento? Dr. Renato Moreira \u2013 \u00c9 exatamente isso a que me refiro. N\u00e3o somos os \u00fanicos a pensar em privilegiar projetos. Ent\u00e3o \u00e9 preciso buscar as identidades. Colocar o Gr\u00eamio sempre \u00e0 frente de tudo e de todos. \u00a0 4 &#8211; H\u00e1 um clamor dos torcedores para que um processo de pacifica\u00e7\u00e3o pol\u00edtica seja implementado no clube. Como viabiliz\u00e1-lo? Dr. Renato Moreira \u2013 Tamb\u00e9m gostaria de ver o Clube mais unido, mas sei que \u00e9 dif\u00edcil. Os interesses a conciliar s\u00e3o muitas vezes muito distantes uns dos outros. Temos que ser realistas. Qualquer proposta tem de ser debatida em torno de um projeto claro e definido para o Gr\u00eamio. Creio que o Presidente F\u00e1bio Koff, pela experi\u00eancia, por seu talento extraordin\u00e1rio e suas conquistas \u00e0 frente do Clube seria a pessoa ideal para comand\u00e1-lo nos pr\u00f3ximos dois anos. \u00a0 Foto: Carmelito Bifano \/ UOL Esportes<\/p>\n","protected":false},"excerpt":{"rendered":"<p>Conselheiro do Gr\u00eamio h\u00e1 mais de 20 anos, Diretor do Departamento Jur\u00eddico de 1985 a 1990, Vice-Presidente Jur\u00eddico de 1993 a 1998 e Vice-Presidente de Futebol em 2005 e 2006, Renato Moreira fala sobre o atual momento e o futuro pol\u00edtico do Clube. 1 &#8211; Como voc\u00ea observa o cen\u00e1rio pol\u00edtico atual do Gr\u00eamio? Dr. [&hellip;]<\/p>\n","protected":false},"author":1,"featured_media":146,"comment_status":"closed","ping_status":"closed","sticky":false,"template":"","format":"standard","meta":{"_monsterinsights_skip_tracking":false,"footnotes":""},"categories":[16],"tags":[],"class_list":["post-196","post","type-post","status-publish","format-standard","has-post-thumbnail","hentry","category-noticias"],"_links":{"self":[{"href":"https:\/\/gremiovencedor.com.br\/novo\/wp-json\/wp\/v2\/posts\/196","targetHints":{"allow":["GET"]}}],"collection":[{"href":"https:\/\/gremiovencedor.com.br\/novo\/wp-json\/wp\/v2\/posts"}],"about":[{"href":"https:\/\/gremiovencedor.com.br\/novo\/wp-json\/wp\/v2\/types\/post"}],"author":[{"embeddable":true,"href":"https:\/\/gremiovencedor.com.br\/novo\/wp-json\/wp\/v2\/users\/1"}],"replies":[{"embeddable":true,"href":"https:\/\/gremiovencedor.com.br\/novo\/wp-json\/wp\/v2\/comments?post=196"}],"version-history":[{"count":1,"href":"https:\/\/gremiovencedor.com.br\/novo\/wp-json\/wp\/v2\/posts\/196\/revisions"}],"predecessor-version":[{"id":392,"href":"https:\/\/gremiovencedor.com.br\/novo\/wp-json\/wp\/v2\/posts\/196\/revisions\/392"}],"wp:featuredmedia":[{"embeddable":true,"href":"https:\/\/gremiovencedor.com.br\/novo\/wp-json\/wp\/v2\/media\/146"}],"wp:attachment":[{"href":"https:\/\/gremiovencedor.com.br\/novo\/wp-json\/wp\/v2\/media?parent=196"}],"wp:term":[{"taxonomy":"category","embeddable":true,"href":"https:\/\/gremiovencedor.com.br\/novo\/wp-json\/wp\/v2\/categories?post=196"},{"taxonomy":"post_tag","embeddable":true,"href":"https:\/\/gremiovencedor.com.br\/novo\/wp-json\/wp\/v2\/tags?post=196"}],"curies":[{"name":"wp","href":"https:\/\/api.w.org\/{rel}","templated":true}]}}