{"id":199,"date":"2012-09-13T12:00:00","date_gmt":"2012-09-13T15:00:00","guid":{"rendered":"https:\/\/gremiovencedor.com.br\/novo\/?p=199"},"modified":"2026-07-30T13:06:58","modified_gmt":"2026-07-30T16:06:58","slug":"cacalo-recebe-titulo-de-cidadao-emerito-de-poa","status":"publish","type":"post","link":"https:\/\/gremiovencedor.com.br\/novo\/cacalo-recebe-titulo-de-cidadao-emerito-de-poa\/","title":{"rendered":"Cacalo recebe t\u00edtulo de Cidad\u00e3o Em\u00e9rito de POA"},"content":{"rendered":"<p>O presidente de honra do MGV, Luiz Carlos Silveira Martins, receber\u00e1 o t\u00edtulo de cidad\u00e3o em\u00e9rito de Porto Alegre nesta ter\u00e7a-feira, dia 18 de setembro. A Sess\u00e3o Solene de Outorga ter\u00e1 lugar no Plen\u00e1rio Ot\u00e1vio Rocha da C\u00e2mara de Vereadores de Porto Alegre, \u00e0s 17h. A distin\u00e7\u00e3o foi proposta pelo vereador Pedro Ruas, do PSOL, e busca reconhecer a contribui\u00e7\u00e3o dada pelo ex-dirigente do Gr\u00eamio ao desporto da cidade. O evento \u00e9 aberto ao p\u00fablico, por isso a Coordena\u00e7\u00e3o do MGV convida a todos os seus integrantes que possam se fazer presentes e homenagear um dos dirigentes gremistas mais vitoriosos da hist\u00f3ria do clube.<\/p>\n","protected":false},"excerpt":{"rendered":"<p>O presidente de honra do MGV, Luiz Carlos Silveira Martins, receber\u00e1 o t\u00edtulo de cidad\u00e3o em\u00e9rito de Porto Alegre nesta ter\u00e7a-feira, dia 18 de setembro. A Sess\u00e3o Solene de Outorga ter\u00e1 lugar no Plen\u00e1rio Ot\u00e1vio Rocha da C\u00e2mara de Vereadores de Porto Alegre, \u00e0s 17h. A distin\u00e7\u00e3o foi proposta pelo vereador Pedro Ruas, do PSOL, [&hellip;]<\/p>\n","protected":false},"author":1,"featured_media":200,"comment_status":"closed","ping_status":"closed","sticky":false,"template":"","format":"standard","meta":{"_monsterinsights_skip_tracking":false,"footnotes":""},"categories":[16],"tags":[],"class_list":["post-199","post","type-post","status-publish","format-standard","has-post-thumbnail","hentry","category-noticias"],"_links":{"self":[{"href":"https:\/\/gremiovencedor.com.br\/novo\/wp-json\/wp\/v2\/posts\/199","targetHints":{"allow":["GET"]}}],"collection":[{"href":"https:\/\/gremiovencedor.com.br\/novo\/wp-json\/wp\/v2\/posts"}],"about":[{"href":"https:\/\/gremiovencedor.com.br\/novo\/wp-json\/wp\/v2\/types\/post"}],"author":[{"embeddable":true,"href":"https:\/\/gremiovencedor.com.br\/novo\/wp-json\/wp\/v2\/users\/1"}],"replies":[{"embeddable":true,"href":"https:\/\/gremiovencedor.com.br\/novo\/wp-json\/wp\/v2\/comments?post=199"}],"version-history":[{"count":1,"href":"https:\/\/gremiovencedor.com.br\/novo\/wp-json\/wp\/v2\/posts\/199\/revisions"}],"predecessor-version":[{"id":390,"href":"https:\/\/gremiovencedor.com.br\/novo\/wp-json\/wp\/v2\/posts\/199\/revisions\/390"}],"wp:featuredmedia":[{"embeddable":true,"href":"https:\/\/gremiovencedor.com.br\/novo\/wp-json\/wp\/v2\/media\/200"}],"wp:attachment":[{"href":"https:\/\/gremiovencedor.com.br\/novo\/wp-json\/wp\/v2\/media?parent=199"}],"wp:term":[{"taxonomy":"category","embeddable":true,"href":"https:\/\/gremiovencedor.com.br\/novo\/wp-json\/wp\/v2\/categories?post=199"},{"taxonomy":"post_tag","embeddable":true,"href":"https:\/\/gremiovencedor.com.br\/novo\/wp-json\/wp\/v2\/tags?post=199"}],"curies":[{"name":"wp","href":"https:\/\/api.w.org\/{rel}","templated":true}]}}