{"id":201,"date":"2012-09-13T12:00:00","date_gmt":"2012-09-13T15:00:00","guid":{"rendered":"https:\/\/gremiovencedor.com.br\/novo\/?p=201"},"modified":"2026-07-30T13:06:58","modified_gmt":"2026-07-30T16:06:58","slug":"fabio-koff-lanca-candidatura-oficial-a-presidencia","status":"publish","type":"post","link":"https:\/\/gremiovencedor.com.br\/novo\/fabio-koff-lanca-candidatura-oficial-a-presidencia\/","title":{"rendered":"F\u00e1bio Koff lan\u00e7a candidatura oficial \u00e0 presid\u00eancia"},"content":{"rendered":"<p>Est\u00e1 lan\u00e7ada a candidatura. Em evento realizado na noite desta quarta-feira no audit\u00f3rio da Associa\u00e7\u00e3o M\u00e9dica do Rio Grande do Sul (Amrigs),\u00a0em Porto Alegre, F\u00e1bio Koff anunciou oficialmente que concorrer\u00e1 \u00e0s elei\u00e7\u00f5es presidenciais do Gr\u00eamio, cujo primeiro turno, no Conselho Deliberativo, ocorre no pr\u00f3ximo dia 25 de setembro.\u00a0 Aclamado por ex-presidentes, conselheiros, ex-jogadores e torcedores, o dirigente que comandou o Tricolor nas d\u00e9cadas de 80 e 90 e conduziu o clube aos\u00a0maiores t\u00edtulos de sua hist\u00f3ria (Mundial 1983 e Copa Libertadores 1983 e 1995), apresentou, atrav\u00e9s da figura do executivo Remi Accordi,\u00a0o plano de gest\u00e3o desenvolvido para o bi\u00eanio 2013\/2014. A chapa\u00a0Koff Presidente &#8211; Avan\u00e7ar Juntos Por um Gr\u00eamio Forte e Vitorioso\u00a0tamb\u00e9m confirmou a\u00a0composi\u00e7\u00e3o inscrita ao Conselho de Administra\u00e7\u00e3o, com os nomes de Adalberto Preis, Marcos Hermann, Nestor Hein, Odorico Roman, Renato Moreira\u00a0e Romildo Bolzan Jr.\u00a0 \u2013\u00a0S\u00e3o dois os fatores principais que me motivam. Primeiro, porque me empolguei com o projeto. Colaborei desde o in\u00edcio com ele, que hoje aqui foi exibido\u00a0em linhas gerais. Segundo: tenho uma d\u00edvida com o Gr\u00eamio. N\u00e3o sou credor do clube, sou devedor. O Gr\u00eamio me tornou conhecido, me abriu espa\u00e7o\u00a0e me deu a oportunidade de ter rela\u00e7\u00f5es no Brasil e no exterior. Mas nunca falei na primeira pessoa, jamais disse eu fiz, eu fui campe\u00e3o. N\u00e3o conquistei nada sozinho.\u00a0Atr\u00e1s de mim, h\u00e1 um s\u00edmbolo, uma bandeira, uma coisa inexplic\u00e1vel que nos envolve de emo\u00e7\u00e3o e nos enlouquece\u00a0\u2013\u00a0afirmou Koff em seu discurso, que recebeu\u00a0o aplauso entusiasmado dos presentes. \u2013\u00a0Volto com uma bagagem de experi\u00eancia e, principalmente, com a mesma convic\u00e7\u00e3o, entusiasmo e vontade que me fizeram presidente por duas vezes anteriores.\u00a0Sou obstinado no que fa\u00e7o. Se alguma virtude tenho, \u00e9 a de me envolver totalmente com a miss\u00e3o que devo cumprir.\u00a0Sou Gr\u00eamio de manh\u00e3, \u00e0 tarde e \u00e0 noite. N\u00e3o me move nenhuma ambi\u00e7\u00e3o de natureza pessoal, mas a ambi\u00e7\u00e3o de pagar essa d\u00edvida. Se depender\u00a0do cumprimento desse projeto, da vontade e do desejo que tenho e da participa\u00e7\u00e3o que espero do Conselho de\u00a0Administra\u00e7\u00e3o, voltaremos \u00e0s grandes conquistas.\u00a0A experi\u00eancia me mostrou que o Gr\u00eamio \u00e9 o clube de maior potencial a se explorar e de maior identidade com o torcedor.\u00a0Vamos \u00e0 procura dessas vit\u00f3rias e dessas conquistas \u2013 completou. Apoiam F\u00e1bio Koff os movimentos Gr\u00eamio Acima de Tudo, Gr\u00eamio Imortal, Gr\u00eamio Sempre, Gr\u00eamio Vencedor, Gr\u00eamio Unido e S\u00f3cios Livres.<\/p>\n","protected":false},"excerpt":{"rendered":"<p>Est\u00e1 lan\u00e7ada a candidatura. Em evento realizado na noite desta quarta-feira no audit\u00f3rio da Associa\u00e7\u00e3o M\u00e9dica do Rio Grande do Sul (Amrigs),\u00a0em Porto Alegre, F\u00e1bio Koff anunciou oficialmente que concorrer\u00e1 \u00e0s elei\u00e7\u00f5es presidenciais do Gr\u00eamio, cujo primeiro turno, no Conselho Deliberativo, ocorre no pr\u00f3ximo dia 25 de setembro.\u00a0 Aclamado por ex-presidentes, conselheiros, ex-jogadores e torcedores, [&hellip;]<\/p>\n","protected":false},"author":1,"featured_media":202,"comment_status":"closed","ping_status":"closed","sticky":false,"template":"","format":"standard","meta":{"_monsterinsights_skip_tracking":false,"footnotes":""},"categories":[16],"tags":[],"class_list":["post-201","post","type-post","status-publish","format-standard","has-post-thumbnail","hentry","category-noticias"],"_links":{"self":[{"href":"https:\/\/gremiovencedor.com.br\/novo\/wp-json\/wp\/v2\/posts\/201","targetHints":{"allow":["GET"]}}],"collection":[{"href":"https:\/\/gremiovencedor.com.br\/novo\/wp-json\/wp\/v2\/posts"}],"about":[{"href":"https:\/\/gremiovencedor.com.br\/novo\/wp-json\/wp\/v2\/types\/post"}],"author":[{"embeddable":true,"href":"https:\/\/gremiovencedor.com.br\/novo\/wp-json\/wp\/v2\/users\/1"}],"replies":[{"embeddable":true,"href":"https:\/\/gremiovencedor.com.br\/novo\/wp-json\/wp\/v2\/comments?post=201"}],"version-history":[{"count":1,"href":"https:\/\/gremiovencedor.com.br\/novo\/wp-json\/wp\/v2\/posts\/201\/revisions"}],"predecessor-version":[{"id":391,"href":"https:\/\/gremiovencedor.com.br\/novo\/wp-json\/wp\/v2\/posts\/201\/revisions\/391"}],"wp:featuredmedia":[{"embeddable":true,"href":"https:\/\/gremiovencedor.com.br\/novo\/wp-json\/wp\/v2\/media\/202"}],"wp:attachment":[{"href":"https:\/\/gremiovencedor.com.br\/novo\/wp-json\/wp\/v2\/media?parent=201"}],"wp:term":[{"taxonomy":"category","embeddable":true,"href":"https:\/\/gremiovencedor.com.br\/novo\/wp-json\/wp\/v2\/categories?post=201"},{"taxonomy":"post_tag","embeddable":true,"href":"https:\/\/gremiovencedor.com.br\/novo\/wp-json\/wp\/v2\/tags?post=201"}],"curies":[{"name":"wp","href":"https:\/\/api.w.org\/{rel}","templated":true}]}}