{"id":203,"date":"2012-09-21T12:00:00","date_gmt":"2012-09-21T15:00:00","guid":{"rendered":"https:\/\/gremiovencedor.com.br\/novo\/?p=203"},"modified":"2026-07-30T13:06:58","modified_gmt":"2026-07-30T16:06:58","slug":"eleicoes-do-gremio","status":"publish","type":"post","link":"https:\/\/gremiovencedor.com.br\/novo\/eleicoes-do-gremio\/","title":{"rendered":"Elei\u00e7\u00f5es do Gr\u00eamio"},"content":{"rendered":"<p>No dia 25 de setembro de 2012, ocorrer\u00e1 a primeira etapa das elei\u00e7\u00f5es no GR\u00caMIO FOOT-BALL PORTO ALEGRENSE, relativas \u00e0 escolha do Conselho de Administra\u00e7\u00e3o para o bi\u00eanio 2013\/2014. Estar\u00e3o aptas para o pleito as chapas inscritas at\u00e9 \u00e0s 20h do dia 21.09.2012, composta por sete membros (Presidente e mais seis Vice-Presidentes) e registradas com o aval\/assinatura de, pelo menos, 30 (trinta) Conselheiros aptos a votar. Os n\u00fameros das chapas concorrentes ser\u00e3o decididos, caso n\u00e3o ocorra um acordo entre elas, atrav\u00e9s de sorteio. A partir das 18h do dia 25 de setembro de 2012, ser\u00e3o distribu\u00eddas senhas para os Conselheiros aptos a votar; \u00e0s 20h, ser\u00e1 encerrada a entrega das senhas e verificar-se-\u00e1 a aus\u00eancia dos Conselheiros Titulares, assumindo, no lugar dos faltantes, os Conselheiros Suplentes que se habilitaram at\u00e9 \u00e0s 20h. O col\u00e9gio eleitoral \u00e9 composto por 300 (trezentos) Conselheiros Titulares e 15 (quinze) membros do Conselho Consultivo. A vota\u00e7\u00e3o ocorrer\u00e1 atrav\u00e9s de chamada nominal, sendo que a Comiss\u00e3o Eleitoral sempre permitiu a antecipa\u00e7\u00e3o na ordem de vota\u00e7\u00e3o por quest\u00f5es excepcionais (doen\u00e7a, compromissos inadi\u00e1veis, etc.). Restar\u00e3o aprovadas as chapas, para a vota\u00e7\u00e3o pelo associado, que atingirem, pelo menos, 20% (vinte por cento) dos votos dos PRESENTES. Renato Kliemann Paese Conselheiro Titular 2007\/2013 Membro da Comiss\u00e3o Eleitoral<\/p>\n","protected":false},"excerpt":{"rendered":"<p>No dia 25 de setembro de 2012, ocorrer\u00e1 a primeira etapa das elei\u00e7\u00f5es no GR\u00caMIO FOOT-BALL PORTO ALEGRENSE, relativas \u00e0 escolha do Conselho de Administra\u00e7\u00e3o para o bi\u00eanio 2013\/2014. Estar\u00e3o aptas para o pleito as chapas inscritas at\u00e9 \u00e0s 20h do dia 21.09.2012, composta por sete membros (Presidente e mais seis Vice-Presidentes) e registradas com [&hellip;]<\/p>\n","protected":false},"author":1,"featured_media":146,"comment_status":"closed","ping_status":"closed","sticky":false,"template":"","format":"standard","meta":{"_monsterinsights_skip_tracking":false,"footnotes":""},"categories":[16],"tags":[],"class_list":["post-203","post","type-post","status-publish","format-standard","has-post-thumbnail","hentry","category-noticias"],"_links":{"self":[{"href":"https:\/\/gremiovencedor.com.br\/novo\/wp-json\/wp\/v2\/posts\/203","targetHints":{"allow":["GET"]}}],"collection":[{"href":"https:\/\/gremiovencedor.com.br\/novo\/wp-json\/wp\/v2\/posts"}],"about":[{"href":"https:\/\/gremiovencedor.com.br\/novo\/wp-json\/wp\/v2\/types\/post"}],"author":[{"embeddable":true,"href":"https:\/\/gremiovencedor.com.br\/novo\/wp-json\/wp\/v2\/users\/1"}],"replies":[{"embeddable":true,"href":"https:\/\/gremiovencedor.com.br\/novo\/wp-json\/wp\/v2\/comments?post=203"}],"version-history":[{"count":1,"href":"https:\/\/gremiovencedor.com.br\/novo\/wp-json\/wp\/v2\/posts\/203\/revisions"}],"predecessor-version":[{"id":388,"href":"https:\/\/gremiovencedor.com.br\/novo\/wp-json\/wp\/v2\/posts\/203\/revisions\/388"}],"wp:featuredmedia":[{"embeddable":true,"href":"https:\/\/gremiovencedor.com.br\/novo\/wp-json\/wp\/v2\/media\/146"}],"wp:attachment":[{"href":"https:\/\/gremiovencedor.com.br\/novo\/wp-json\/wp\/v2\/media?parent=203"}],"wp:term":[{"taxonomy":"category","embeddable":true,"href":"https:\/\/gremiovencedor.com.br\/novo\/wp-json\/wp\/v2\/categories?post=203"},{"taxonomy":"post_tag","embeddable":true,"href":"https:\/\/gremiovencedor.com.br\/novo\/wp-json\/wp\/v2\/tags?post=203"}],"curies":[{"name":"wp","href":"https:\/\/api.w.org\/{rel}","templated":true}]}}