{"id":206,"date":"2012-10-12T12:00:00","date_gmt":"2012-10-12T15:00:00","guid":{"rendered":"https:\/\/gremiovencedor.com.br\/novo\/?p=206"},"modified":"2026-07-30T13:06:59","modified_gmt":"2026-07-30T16:06:59","slug":"koff-juntos-por-um-gremio-de-todos-e-para-todos","status":"publish","type":"post","link":"https:\/\/gremiovencedor.com.br\/novo\/koff-juntos-por-um-gremio-de-todos-e-para-todos\/","title":{"rendered":"Koff: &#8220;Juntos, por um Gr\u00eamio de todos e para todos&#8221;"},"content":{"rendered":"<p>Gremistas, sou candidato para unir e tornar nosso clube novamente forte e vitorioso. Conduzo uma campanha \u00e9tica, elevada e movida por dois grandes sentimentos: amor pelo Gr\u00eamio e respeito pelo nosso associado. \u00a0 Nos \u00faltimos dias, infelizmente, temos recebido in\u00fameros relatos e presenciado diversos movimentos que flagram de forma inequ\u00edvoca a utiliza\u00e7\u00e3o da m\u00e1quina do clube em benef\u00edcio da candidatura da situa\u00e7\u00e3o. Ferramentas e a\u00e7\u00f5es institucionais como site, redes sociais e eventos est\u00e3o sendo usadas, sem pudor, de maneira ostensiva, para promo\u00e7\u00e3o exclusivamente eleitoral. Foi necess\u00e1ria at\u00e9 a interven\u00e7\u00e3o do Minist\u00e9rio P\u00fablico Estadual e do Poder Judici\u00e1rio do Rio Grande do Sul a fim de impedir, por raz\u00f5es de seguran\u00e7a, a\u00e7\u00f5es que extrapolariam o limite do bom senso. Esse n\u00e3o \u00e9 o Gr\u00eamio que desejo. Esse n\u00e3o \u00e9 o Gr\u00eamio que voc\u00ea deseja. O uso da m\u00e1quina afronta a livre convic\u00e7\u00e3o do associado. \u00a0 Continuaremos nossa campanha de forma altiva e sem ataques pessoais, contudo n\u00e3o nos calaremos diante de condutas que desrespeitam a democracia conquistada pelo associado do Gr\u00eamio. Denunciaremos qualquer utiliza\u00e7\u00e3o do patrim\u00f4nio do Gr\u00eamio para finalidades impr\u00f3prias e altamente reprov\u00e1veis. O que \u00e9 de todos n\u00e3o pode ser usado para benef\u00edcio de poucos! Representa\u00e7\u00e3o sobre tais fatos lament\u00e1veis j\u00e1 foi oportunamente encaminhada \u00e0 Comiss\u00e3o Eleitoral, e n\u00e3o hesitaremos em remeter tantas quantas forem necess\u00e1rias com o objetivo de garantir equil\u00edbrio e justi\u00e7a neste processo de livre escolha da Assembleia Geral. \u00a0 O Gr\u00eamio n\u00e3o \u00e9 partido pol\u00edtico! N\u00e3o \u00e9 de um grupo! N\u00e3o pode ser aparelhado e instrumentalizado! \u00c9 meu, \u00e9 seu, \u00e9 de todos aqueles que um dia escolheram o Gr\u00eamio como sua paix\u00e3o maior. Somente uma gest\u00e3o moderna, compartilhada e independente poder\u00e1 impedir que os interesses do todo, da coletividade tricolor, sejam deixados de lado por a\u00e7\u00f5es de promo\u00e7\u00e3o pessoal. \u00a0 \u00c9 para mudar realidades como essa que quero de novo ser presidente. Ningu\u00e9m pode ser maior do que o pr\u00f3prio Gr\u00eamio e tudo o que ele representa. A estrutura do clube deve estar voltada somente aos objetivos universais gremistas, tendo como absoluta e maior prioridade a conquista dos grandes t\u00edtulos \u2013 algo que n\u00f3s torcedor, infelizmente, n\u00e3o festejamos h\u00e1 mais de uma d\u00e9cada. \u00a0 Venho para somar for\u00e7as a voc\u00ea, torcedor, e outros tantos gremistas, dentro e fora das nossas fronteiras, para juntos avan\u00e7armos rumo aos objetivos maiores, que s\u00e3o as gl\u00f3rias e conquistas. Respeitaremos o que foi feito at\u00e9 aqui, sobretudo a nossa rica hist\u00f3ria. O Gr\u00eamio, por 109 anos, \u00e9 uma continuidade! Independente de quem seja presidente! Nada do que est\u00e1 dando certo sofrer\u00e1 interrup\u00e7\u00e3o. Mas tenha certeza: revisaremos pr\u00e1ticas que desviam o Gr\u00eamio do seu grande foco. \u00a0 Se eleito, com a sua confian\u00e7a e o seu valioso apoio, pretendo come\u00e7ar essa mudan\u00e7a pela pr\u00f3pria postura do presidente j\u00e1 no primeiro dia, dedicando 100% do meu tempo ao clube, sem quaisquer tarefas outras que n\u00e3o digam com a nossa paix\u00e3o. Ser presidente do nosso tricolor \u00e9 uma tarefa que exige dedica\u00e7\u00e3o integral, foco, empenho e parcerias fortes. E a maior parceria que posso contar, antes e depois da elei\u00e7\u00e3o, \u00e9 com a tua. As conquistas maiores do Gr\u00eamio dos anos 80 e 90, do Brasil ao mundo, vieram da nossa uni\u00e3o. Juntos chegamos antes, juntos avan\u00e7aremos para chegar de novo! \u00a0 Que o esperado e exig\u00edvel equil\u00edbrio na disputa eleitoral se restabele\u00e7a imediatamente aos par\u00e2metros devidamente convencionados entre as chapas. N\u00e3o nos esque\u00e7amos jamais que a elei\u00e7\u00e3o passa, mas o nosso Gr\u00eamio permanecer\u00e1! \u00a0 Vamos avan\u00e7ar juntos! Por um Gr\u00eamio forte e vitorioso! \u00a0 Presidente F\u00e1bio Andr\u00e9 Koff Chapa 1 \u2013 Avan\u00e7ar Juntos<\/p>\n","protected":false},"excerpt":{"rendered":"<p>Gremistas, sou candidato para unir e tornar nosso clube novamente forte e vitorioso. Conduzo uma campanha \u00e9tica, elevada e movida por dois grandes sentimentos: amor pelo Gr\u00eamio e respeito pelo nosso associado. \u00a0 Nos \u00faltimos dias, infelizmente, temos recebido in\u00fameros relatos e presenciado diversos movimentos que flagram de forma inequ\u00edvoca a utiliza\u00e7\u00e3o da m\u00e1quina do [&hellip;]<\/p>\n","protected":false},"author":1,"featured_media":146,"comment_status":"closed","ping_status":"closed","sticky":false,"template":"","format":"standard","meta":{"_monsterinsights_skip_tracking":false,"footnotes":""},"categories":[16],"tags":[],"class_list":["post-206","post","type-post","status-publish","format-standard","has-post-thumbnail","hentry","category-noticias"],"_links":{"self":[{"href":"https:\/\/gremiovencedor.com.br\/novo\/wp-json\/wp\/v2\/posts\/206","targetHints":{"allow":["GET"]}}],"collection":[{"href":"https:\/\/gremiovencedor.com.br\/novo\/wp-json\/wp\/v2\/posts"}],"about":[{"href":"https:\/\/gremiovencedor.com.br\/novo\/wp-json\/wp\/v2\/types\/post"}],"author":[{"embeddable":true,"href":"https:\/\/gremiovencedor.com.br\/novo\/wp-json\/wp\/v2\/users\/1"}],"replies":[{"embeddable":true,"href":"https:\/\/gremiovencedor.com.br\/novo\/wp-json\/wp\/v2\/comments?post=206"}],"version-history":[{"count":1,"href":"https:\/\/gremiovencedor.com.br\/novo\/wp-json\/wp\/v2\/posts\/206\/revisions"}],"predecessor-version":[{"id":386,"href":"https:\/\/gremiovencedor.com.br\/novo\/wp-json\/wp\/v2\/posts\/206\/revisions\/386"}],"wp:featuredmedia":[{"embeddable":true,"href":"https:\/\/gremiovencedor.com.br\/novo\/wp-json\/wp\/v2\/media\/146"}],"wp:attachment":[{"href":"https:\/\/gremiovencedor.com.br\/novo\/wp-json\/wp\/v2\/media?parent=206"}],"wp:term":[{"taxonomy":"category","embeddable":true,"href":"https:\/\/gremiovencedor.com.br\/novo\/wp-json\/wp\/v2\/categories?post=206"},{"taxonomy":"post_tag","embeddable":true,"href":"https:\/\/gremiovencedor.com.br\/novo\/wp-json\/wp\/v2\/tags?post=206"}],"curies":[{"name":"wp","href":"https:\/\/api.w.org\/{rel}","templated":true}]}}