{"id":207,"date":"2012-10-14T12:00:00","date_gmt":"2012-10-14T15:00:00","guid":{"rendered":"https:\/\/gremiovencedor.com.br\/novo\/?p=207"},"modified":"2026-07-30T13:06:59","modified_gmt":"2026-07-30T16:06:59","slug":"nota-oficial-repudio-a-tentativa-de-agressao-ao-multicampeao-fabio-koff","status":"publish","type":"post","link":"https:\/\/gremiovencedor.com.br\/novo\/nota-oficial-repudio-a-tentativa-de-agressao-ao-multicampeao-fabio-koff\/","title":{"rendered":"Nota oficial &#8211; Rep\u00fadio \u00e0 tentativa de agress\u00e3o ao multicampe\u00e3o F\u00e1bio Koff"},"content":{"rendered":"<p>A Chapa 1 \u2013 Avan\u00e7ar Juntos \u2013 vem a p\u00fablico externar aos gremistas e \u00e0 sociedade do Rio Grande do Sul sua m\u00e1xima indigna\u00e7\u00e3o e consterna\u00e7\u00e3o pelos acontecimentos verificados no Est\u00e1dio Ol\u00edmpico na tarde deste domingo. O ambiente democr\u00e1tico n\u00e3o tolera, sob qualquer forma, a viol\u00eancia. A tentativa covarde e imotivada de agress\u00e3o ao ex-presidente mais vitorioso at\u00e9 hoje no Gr\u00eamio, F\u00e1bio Andr\u00e9 Koff, n\u00e3o \u00e9 apenas um atentado \u00e0 democracia do clube como se constitui em crime e afronta \u00e0 hist\u00f3ria de todos gremistas. Fazemos um chamado a toda coletividade tricolor que levante suas vozes para protestar com sua repulsa contra as tentativas repugn\u00e1veis de sequestro da democracia conquistada pelo associado. N\u00e3o ser\u00e1 esta minoria raivosa, profissional na viol\u00eancia, claramente identificada e pertencente a grupo conhecido, que pelo esfor\u00e7o f\u00edsico frear\u00e1 a for\u00e7a maior das ideias e do exerc\u00edcio dos direitos do livre pensamento. \u00c0 viol\u00eancia, responderemos com projetos. \u00c0 agress\u00e3o, contestaremos com ideias. \u00c0 covardia, replicaremos com a coragem de quem j\u00e1 levou o Gr\u00eamio aos seus maiores t\u00edtulos. O associado gremista saber\u00e1 separar e reconhecer quem apresenta o melhor projeto de futuro vitorioso para o Gr\u00eamio e quem, desesperado, afronta criminosamente a sua e a nossa liberdade democr\u00e1tica. \u00a0 Chapa 1 \u2013\u00a0Koff Presidente<\/p>\n","protected":false},"excerpt":{"rendered":"<p>A Chapa 1 \u2013 Avan\u00e7ar Juntos \u2013 vem a p\u00fablico externar aos gremistas e \u00e0 sociedade do Rio Grande do Sul sua m\u00e1xima indigna\u00e7\u00e3o e consterna\u00e7\u00e3o pelos acontecimentos verificados no Est\u00e1dio Ol\u00edmpico na tarde deste domingo. O ambiente democr\u00e1tico n\u00e3o tolera, sob qualquer forma, a viol\u00eancia. A tentativa covarde e imotivada de agress\u00e3o ao ex-presidente [&hellip;]<\/p>\n","protected":false},"author":1,"featured_media":146,"comment_status":"closed","ping_status":"closed","sticky":false,"template":"","format":"standard","meta":{"_monsterinsights_skip_tracking":false,"footnotes":""},"categories":[16],"tags":[],"class_list":["post-207","post","type-post","status-publish","format-standard","has-post-thumbnail","hentry","category-noticias"],"_links":{"self":[{"href":"https:\/\/gremiovencedor.com.br\/novo\/wp-json\/wp\/v2\/posts\/207","targetHints":{"allow":["GET"]}}],"collection":[{"href":"https:\/\/gremiovencedor.com.br\/novo\/wp-json\/wp\/v2\/posts"}],"about":[{"href":"https:\/\/gremiovencedor.com.br\/novo\/wp-json\/wp\/v2\/types\/post"}],"author":[{"embeddable":true,"href":"https:\/\/gremiovencedor.com.br\/novo\/wp-json\/wp\/v2\/users\/1"}],"replies":[{"embeddable":true,"href":"https:\/\/gremiovencedor.com.br\/novo\/wp-json\/wp\/v2\/comments?post=207"}],"version-history":[{"count":1,"href":"https:\/\/gremiovencedor.com.br\/novo\/wp-json\/wp\/v2\/posts\/207\/revisions"}],"predecessor-version":[{"id":385,"href":"https:\/\/gremiovencedor.com.br\/novo\/wp-json\/wp\/v2\/posts\/207\/revisions\/385"}],"wp:featuredmedia":[{"embeddable":true,"href":"https:\/\/gremiovencedor.com.br\/novo\/wp-json\/wp\/v2\/media\/146"}],"wp:attachment":[{"href":"https:\/\/gremiovencedor.com.br\/novo\/wp-json\/wp\/v2\/media?parent=207"}],"wp:term":[{"taxonomy":"category","embeddable":true,"href":"https:\/\/gremiovencedor.com.br\/novo\/wp-json\/wp\/v2\/categories?post=207"},{"taxonomy":"post_tag","embeddable":true,"href":"https:\/\/gremiovencedor.com.br\/novo\/wp-json\/wp\/v2\/tags?post=207"}],"curies":[{"name":"wp","href":"https:\/\/api.w.org\/{rel}","templated":true}]}}