{"id":208,"date":"2012-10-22T12:00:00","date_gmt":"2012-10-22T14:00:00","guid":{"rendered":"https:\/\/gremiovencedor.com.br\/novo\/?p=208"},"modified":"2026-07-30T13:06:59","modified_gmt":"2026-07-30T16:06:59","slug":"vitoria-compartilhada","status":"publish","type":"post","link":"https:\/\/gremiovencedor.com.br\/novo\/vitoria-compartilhada\/","title":{"rendered":"Vit\u00f3ria compartilhada"},"content":{"rendered":"<p>Neste domingo, provamos mais uma vez a grandeza do nosso amado Imortal Tricolor. Em uma elei\u00e7\u00e3o hist\u00f3rica, quase 8 mil s\u00f3cios estiveram no p\u00e1tio do nosso sagrado Est\u00e1dio Ol\u00edmpico para eleger o mandat\u00e1rio do clube no bi\u00eanio 2013\/14. Somando-se aos mais de 5 mil votos por corr\u00easpond\u00eancia, nosso pleito chegou a quase 14 mil votantes, um n\u00famero muito superior a boa parte dos munic\u00edpios do Rio Grande do Sul. Por\u00e9m, o fator mais importante nesta sucess\u00e3o n\u00e3o foi a quantidade, mas a escolha qualitativa efetivada nas urnas. A recondu\u00e7\u00e3o do multicampe\u00e3o F\u00e1bio Koff \u00e0 cadeira presidencial ser\u00e1 um marco da volta das conquistas para o nosso Gr\u00eamio. Um homem vitorioso, preparado e muito bem assessorado para tomar as melhores decis\u00f5es que contribuir\u00e3o para o sucesso do nosso clube nesses pr\u00f3ximos dois anos, um per\u00edodo decisivo para os interesses de todos os gremistas. O processo eleitoral termina aqui e inicia-se um per\u00edodo de transi\u00e7\u00e3o e de tentativa de apaziguar o nosso clube, algo fundamental para o futuro da institui\u00e7\u00e3o. Fica um agradecimento especial a todos os integrantes do MGV que estiveram na linha de frente dessa campanha, companheiros de trabalho incans\u00e1vel pelo sucesso da candidatura Koff Presidente. Da panfletagem \u00e0 fiscaliza\u00e7\u00e3o de votos. Do in\u00edcio ao fim do processo mostrando amadurecimento, tendo participa\u00e7\u00e3o decisiva. Parab\u00e9ns, essa vit\u00f3ria \u00e9 de todos. Uma sauda\u00e7\u00e3o especial ao Dr. Renato Moreira, nosso participante no Conselho de Administra\u00e7\u00e3o. Temos a certeza que sua sabedoria ser\u00e1 de extrema import\u00e2ncia para a condu\u00e7\u00e3o dos projetos do clube. \u00c9 um orgulho para o MGV a sua representa\u00e7\u00e3o. Agora nossas aten\u00e7\u00f5es imediatas est\u00e3o voltadas para o campo. Quarta-feira, 22h, no Ol\u00edmpico, vamos incentivar o nosso time para vencer os equatorianos do Barcelona e seguirmos firmes rumo ao t\u00edtulo da Copa Sul-Americana, nossa derradeira esperan\u00e7a de triunfo nesse ano de 2012. Todos convocados para enchermos novamente nosso est\u00e1dio, que logo deixar\u00e1 de existir.\u00a0 D\u00e1-lhe Gr\u00eamio! Coordena\u00e7\u00e3o do Movimento Gr\u00eamio Vencedor<\/p>\n","protected":false},"excerpt":{"rendered":"<p>Neste domingo, provamos mais uma vez a grandeza do nosso amado Imortal Tricolor. Em uma elei\u00e7\u00e3o hist\u00f3rica, quase 8 mil s\u00f3cios estiveram no p\u00e1tio do nosso sagrado Est\u00e1dio Ol\u00edmpico para eleger o mandat\u00e1rio do clube no bi\u00eanio 2013\/14. Somando-se aos mais de 5 mil votos por corr\u00easpond\u00eancia, nosso pleito chegou a quase 14 mil votantes, [&hellip;]<\/p>\n","protected":false},"author":1,"featured_media":209,"comment_status":"closed","ping_status":"closed","sticky":false,"template":"","format":"standard","meta":{"_monsterinsights_skip_tracking":false,"footnotes":""},"categories":[16],"tags":[],"class_list":["post-208","post","type-post","status-publish","format-standard","has-post-thumbnail","hentry","category-noticias"],"_links":{"self":[{"href":"https:\/\/gremiovencedor.com.br\/novo\/wp-json\/wp\/v2\/posts\/208","targetHints":{"allow":["GET"]}}],"collection":[{"href":"https:\/\/gremiovencedor.com.br\/novo\/wp-json\/wp\/v2\/posts"}],"about":[{"href":"https:\/\/gremiovencedor.com.br\/novo\/wp-json\/wp\/v2\/types\/post"}],"author":[{"embeddable":true,"href":"https:\/\/gremiovencedor.com.br\/novo\/wp-json\/wp\/v2\/users\/1"}],"replies":[{"embeddable":true,"href":"https:\/\/gremiovencedor.com.br\/novo\/wp-json\/wp\/v2\/comments?post=208"}],"version-history":[{"count":1,"href":"https:\/\/gremiovencedor.com.br\/novo\/wp-json\/wp\/v2\/posts\/208\/revisions"}],"predecessor-version":[{"id":384,"href":"https:\/\/gremiovencedor.com.br\/novo\/wp-json\/wp\/v2\/posts\/208\/revisions\/384"}],"wp:featuredmedia":[{"embeddable":true,"href":"https:\/\/gremiovencedor.com.br\/novo\/wp-json\/wp\/v2\/media\/209"}],"wp:attachment":[{"href":"https:\/\/gremiovencedor.com.br\/novo\/wp-json\/wp\/v2\/media?parent=208"}],"wp:term":[{"taxonomy":"category","embeddable":true,"href":"https:\/\/gremiovencedor.com.br\/novo\/wp-json\/wp\/v2\/categories?post=208"},{"taxonomy":"post_tag","embeddable":true,"href":"https:\/\/gremiovencedor.com.br\/novo\/wp-json\/wp\/v2\/tags?post=208"}],"curies":[{"name":"wp","href":"https:\/\/api.w.org\/{rel}","templated":true}]}}