{"id":250,"date":"2014-01-11T12:00:00","date_gmt":"2014-01-11T14:00:00","guid":{"rendered":"https:\/\/gremiovencedor.com.br\/novo\/?p=250"},"modified":"2026-07-30T13:07:48","modified_gmt":"2026-07-30T16:07:48","slug":"gremio-abre-2014-em-bento-goncalves","status":"publish","type":"post","link":"https:\/\/gremiovencedor.com.br\/novo\/gremio-abre-2014-em-bento-goncalves\/","title":{"rendered":"Gr\u00eamio abre 2014 em Bento Gon\u00e7alves"},"content":{"rendered":"<p>Mesmo com a chuva que insistiu em cair durante toda a noite desta sexta-feira, os torcedores gremistas de Bento Gon\u00e7alves foram receber a delega\u00e7\u00e3o na chegada ao munic\u00edpio. A partir de hoje, o clube inicia oficialmente a pr\u00e9-temporada Topper Gr\u00eamio 2014, per\u00edodo considerado o mais importante da prepara\u00e7\u00e3o da equipe para o primeiro semestre do ano. \u00a0 Pouco depois das 22h , cantando o hino do Tricolor, aproximadamente cinco mil pessoas acompanharam o deslocamento do \u00f4nibus desde a entrada da cidade at\u00e9 o hotel da concentra\u00e7\u00e3o. Antes disso, na Esta\u00e7\u00e3o F\u00e9rrea, um dos mais tradicionais pontos de encontro de Bento Gon\u00e7alves, os torcedores assistiram ao document\u00e1rio 1983 &#8211; O Ano Azul , em um tel\u00e3o montado no local. \u00a0 \u2013 Essa recep\u00e7\u00e3o mostra a confian\u00e7a da torcida no grupo de jogadores, comiss\u00e3o t\u00e9cnica e dire\u00e7\u00e3o. Esse carinho vai ajudar a desenvolvermos um grande trabalho durante nossa estadia \u2013 afirmou o Assessor de Futebol, Marcos Chitolina.\u00a0 \u00a0 A sensa\u00e7\u00e3o do Executivo de Futebol Rui Costa foi similar. \u00a0 \u2013 Estamos comovidos com essa recep\u00e7\u00e3o. Espero que essa energia nos embale para um ano muito vitorioso. Vamos trabalhar bastante para isso \u2013 declarou. \u00a0 At\u00e9 o pr\u00f3ximo dia 22, a delega\u00e7\u00e3o ir\u00e1 permanecer em Bento Gon\u00e7alves para cumprir o cronograma estabelecido pela comiss\u00e3o t\u00e9cnica. Morador da cidade, Carlos Almeida comemorou a chance de se aproximar dos atletas.\u00a0 \u00a0 \u2013 Foi emocionante participar deste momento. Espero que o ano de 2014 seja de muitas conquistas para o time \u2013 comentou o torcedor. \u00a0 \u2013 A expectativa est\u00e1 acima do que esper\u00e1vamos. Realizamos um trabalho coordenado e com muito empenho para preparar toda a estrutura necess\u00e1ria para o Gr\u00eamio desenvolver suas atividades, com rela\u00e7\u00e3o aos campos de treinamento, hospedagem e toda a log\u00edstica envolvida para receber um grande clube. Ser\u00e1 uma pr\u00e9-temporada hist\u00f3rica, tanto do ponto de vista t\u00e9cnico como social \u2013 finalizou o c\u00f4nsul do Gr\u00eamio em Bento Gon\u00e7alves, Anderson Zanella (foto). \u00a0 Fonte: gremio.net<\/p>\n","protected":false},"excerpt":{"rendered":"<p>Mesmo com a chuva que insistiu em cair durante toda a noite desta sexta-feira, os torcedores gremistas de Bento Gon\u00e7alves foram receber a delega\u00e7\u00e3o na chegada ao munic\u00edpio. A partir de hoje, o clube inicia oficialmente a pr\u00e9-temporada Topper Gr\u00eamio 2014, per\u00edodo considerado o mais importante da prepara\u00e7\u00e3o da equipe para o primeiro semestre do [&hellip;]<\/p>\n","protected":false},"author":1,"featured_media":251,"comment_status":"closed","ping_status":"closed","sticky":false,"template":"","format":"standard","meta":{"_monsterinsights_skip_tracking":false,"footnotes":""},"categories":[16],"tags":[],"class_list":["post-250","post","type-post","status-publish","format-standard","has-post-thumbnail","hentry","category-noticias"],"_links":{"self":[{"href":"https:\/\/gremiovencedor.com.br\/novo\/wp-json\/wp\/v2\/posts\/250","targetHints":{"allow":["GET"]}}],"collection":[{"href":"https:\/\/gremiovencedor.com.br\/novo\/wp-json\/wp\/v2\/posts"}],"about":[{"href":"https:\/\/gremiovencedor.com.br\/novo\/wp-json\/wp\/v2\/types\/post"}],"author":[{"embeddable":true,"href":"https:\/\/gremiovencedor.com.br\/novo\/wp-json\/wp\/v2\/users\/1"}],"replies":[{"embeddable":true,"href":"https:\/\/gremiovencedor.com.br\/novo\/wp-json\/wp\/v2\/comments?post=250"}],"version-history":[{"count":1,"href":"https:\/\/gremiovencedor.com.br\/novo\/wp-json\/wp\/v2\/posts\/250\/revisions"}],"predecessor-version":[{"id":383,"href":"https:\/\/gremiovencedor.com.br\/novo\/wp-json\/wp\/v2\/posts\/250\/revisions\/383"}],"wp:featuredmedia":[{"embeddable":true,"href":"https:\/\/gremiovencedor.com.br\/novo\/wp-json\/wp\/v2\/media\/251"}],"wp:attachment":[{"href":"https:\/\/gremiovencedor.com.br\/novo\/wp-json\/wp\/v2\/media?parent=250"}],"wp:term":[{"taxonomy":"category","embeddable":true,"href":"https:\/\/gremiovencedor.com.br\/novo\/wp-json\/wp\/v2\/categories?post=250"},{"taxonomy":"post_tag","embeddable":true,"href":"https:\/\/gremiovencedor.com.br\/novo\/wp-json\/wp\/v2\/tags?post=250"}],"curies":[{"name":"wp","href":"https:\/\/api.w.org\/{rel}","templated":true}]}}