{"id":252,"date":"2014-01-17T12:00:00","date_gmt":"2014-01-17T14:00:00","guid":{"rendered":"https:\/\/gremiovencedor.com.br\/novo\/?p=252"},"modified":"2026-07-30T13:07:48","modified_gmt":"2026-07-30T16:07:48","slug":"evento-do-consulado-de-bento-reune-mgv","status":"publish","type":"post","link":"https:\/\/gremiovencedor.com.br\/novo\/evento-do-consulado-de-bento-reune-mgv\/","title":{"rendered":"Evento do consulado de Bento re\u00fane MGV"},"content":{"rendered":"<p>A noite da \u00faltima quinta-feira em Bento Gon\u00e7alves esteve \u00e0 altura da excel\u00eancia da pr\u00e9-temporada do Gr\u00eamio na cidade. Em jantar promovido pelo Departamento Consular local, centenas de torcedores puderam manter contato direto com o elenco tricolor que realiza na Serra ga\u00facha a prepara\u00e7\u00e3o para os compromissos do novo ano, em especial a disputa da Copa Libertadores da Am\u00e9rica. \u00a0 Aos 350 gremistas que lotaram o Clube Botafogo, o c\u00f4nsul Anderson Zanella, do Movimento Gr\u00eamio Vencedor (MGV), externou um agradecimento especial, destacando a viabiliza\u00e7\u00e3o sem custos da pr\u00e9-temporada ao clube: \u00a0 \u2013\u00a0O Departamento Consular trabalhou de forma incans\u00e1vel e hoje comemoramos o fato de, pela primeira vez na hist\u00f3ria, a pr\u00e9-temporada do Gr\u00eamio em Bento atingir o super\u00e1vit\u00a0\u2013\u00a0revelou. \u00a0 Como representante do presidente F\u00e1bio Koff, o vice-presidente Romildo Bolzan Jr. fez, em discurso, elogiosas refer\u00eancias ao consulado local. \u00a0 \u2013\u00a0Estamos aqui porque queremos estar aqui. Nesta pr\u00e9-temporada, est\u00e3o imbutidos os valores e princ\u00edpios da nossa gest\u00e3o. Come\u00e7amos por Bento a trajet\u00f3ria das grandes conquistas em 2014. Esta marca ficar\u00e1, temos certeza. \u00a0 Os recursos \u201cextras\u201d obtidos para o per\u00edodo de treinamentos na serra foram doados a institui\u00e7\u00f5es que desenvolvem trabalho de cunho social, o Instituto Gera\u00e7\u00e3o Tricolor e o Instituto Pequeno Grande Campe\u00e3o, do pr\u00f3prio munic\u00edpio &#8211; ambos receberam a import\u00e2ncia de R$ 7.500. \u00a0 Al\u00e9m dos atletas do grupo profissional, o evento contou com a presen\u00e7a dos membros da comiss\u00e3o t\u00e9cnica e do Departamento de Futebol, atrav\u00e9s das figuras de Marcos Chitolina e Rui Costa. \u00a0 O MGV fez-se representado pelos integrantes Renato Moreira &#8211; vice-presidente do clube -, Gustavo Schmitz, Renato Paese, Ant\u00f4nio Dutra Jr, Maur\u00edcio Pedrassani, Marco Fumegalli, Alberto Pinzetta, \u00canio Jr, Ronald Castro e Carlos Kochhann.\u00a0<\/p>\n","protected":false},"excerpt":{"rendered":"<p>A noite da \u00faltima quinta-feira em Bento Gon\u00e7alves esteve \u00e0 altura da excel\u00eancia da pr\u00e9-temporada do Gr\u00eamio na cidade. Em jantar promovido pelo Departamento Consular local, centenas de torcedores puderam manter contato direto com o elenco tricolor que realiza na Serra ga\u00facha a prepara\u00e7\u00e3o para os compromissos do novo ano, em especial a disputa da [&hellip;]<\/p>\n","protected":false},"author":1,"featured_media":253,"comment_status":"closed","ping_status":"closed","sticky":false,"template":"","format":"standard","meta":{"_monsterinsights_skip_tracking":false,"footnotes":""},"categories":[16],"tags":[],"class_list":["post-252","post","type-post","status-publish","format-standard","has-post-thumbnail","hentry","category-noticias"],"_links":{"self":[{"href":"https:\/\/gremiovencedor.com.br\/novo\/wp-json\/wp\/v2\/posts\/252","targetHints":{"allow":["GET"]}}],"collection":[{"href":"https:\/\/gremiovencedor.com.br\/novo\/wp-json\/wp\/v2\/posts"}],"about":[{"href":"https:\/\/gremiovencedor.com.br\/novo\/wp-json\/wp\/v2\/types\/post"}],"author":[{"embeddable":true,"href":"https:\/\/gremiovencedor.com.br\/novo\/wp-json\/wp\/v2\/users\/1"}],"replies":[{"embeddable":true,"href":"https:\/\/gremiovencedor.com.br\/novo\/wp-json\/wp\/v2\/comments?post=252"}],"version-history":[{"count":1,"href":"https:\/\/gremiovencedor.com.br\/novo\/wp-json\/wp\/v2\/posts\/252\/revisions"}],"predecessor-version":[{"id":382,"href":"https:\/\/gremiovencedor.com.br\/novo\/wp-json\/wp\/v2\/posts\/252\/revisions\/382"}],"wp:featuredmedia":[{"embeddable":true,"href":"https:\/\/gremiovencedor.com.br\/novo\/wp-json\/wp\/v2\/media\/253"}],"wp:attachment":[{"href":"https:\/\/gremiovencedor.com.br\/novo\/wp-json\/wp\/v2\/media?parent=252"}],"wp:term":[{"taxonomy":"category","embeddable":true,"href":"https:\/\/gremiovencedor.com.br\/novo\/wp-json\/wp\/v2\/categories?post=252"},{"taxonomy":"post_tag","embeddable":true,"href":"https:\/\/gremiovencedor.com.br\/novo\/wp-json\/wp\/v2\/tags?post=252"}],"curies":[{"name":"wp","href":"https:\/\/api.w.org\/{rel}","templated":true}]}}