{"id":254,"date":"2014-02-05T12:00:00","date_gmt":"2014-02-05T14:00:00","guid":{"rendered":"https:\/\/gremiovencedor.com.br\/novo\/?p=254"},"modified":"2026-07-30T13:07:49","modified_gmt":"2026-07-30T16:07:49","slug":"gremio-lanca-curso-de-gestao-de-clubes-de-futebol","status":"publish","type":"post","link":"https:\/\/gremiovencedor.com.br\/novo\/gremio-lanca-curso-de-gestao-de-clubes-de-futebol\/","title":{"rendered":"Gr\u00eamio lan\u00e7a curso de Gest\u00e3o de Clubes de Futebol"},"content":{"rendered":"<p>O curso de Gest\u00e3o de Clubes de Futebol, lan\u00e7ado pelo Gr\u00eamio em parceria com a Unisinos no final de 2013, inicia no m\u00eas de mar\u00e7o. \u00c9 destinado a dirigentes, conselheiros, integrantes de movimentos pol\u00edticos do Gr\u00eamio e s\u00f3cios em geral. A primeira turma ser\u00e1 formada por 40 participantes, a partir da an\u00e1lise de curr\u00edculo dos interessados, que devem se inscrever at\u00e9 17 de fevereiro, pelo email\u00a0lono@unisinos.br. Quatro m\u00f3dulos ser\u00e3o abordados no ano inicial do curso, que ter\u00e1 as aulas ministradas na Arena, em uma carga hor\u00e1ria de 150 horas, divididas entre aulas presenciais, f\u00f3runs e palestras. \u00a0 \u2013\u00a0Queremos formar um quadro de pessoas capacitadas que venham a ser futuros gestores, com habilidade para tomar decis\u00f5es administrativas, financeiras e nos demais setores. Teremos o diferencial de ter toda \u00e1rea de gest\u00e3o empresarial trazida para dentro do Gr\u00eamio, tratando temas como o marketing esportivo, a gest\u00e3o das arenas, e ainda teremos uma parte pr\u00e1tica, com o contato com os administradores e diretores do Gr\u00eamio, situa\u00e7\u00e3o que nenhum curso no Brasil ofereceu ainda\u00a0\u2013\u00a0comentou o coordenador Pierre Gon\u00e7alves, \u00a0 Informa\u00e7\u00f5es sobre valores, corpo docente, palestrantes e o curr\u00edculo detalhado do curso podem ser encontrados no site\u00a0http:\/\/www.gremio.unisinos.br\u00a0ou pelo telefone (51) 9653 8417. \u00a0 Fonte: gremio.net<\/p>\n","protected":false},"excerpt":{"rendered":"<p>O curso de Gest\u00e3o de Clubes de Futebol, lan\u00e7ado pelo Gr\u00eamio em parceria com a Unisinos no final de 2013, inicia no m\u00eas de mar\u00e7o. \u00c9 destinado a dirigentes, conselheiros, integrantes de movimentos pol\u00edticos do Gr\u00eamio e s\u00f3cios em geral. A primeira turma ser\u00e1 formada por 40 participantes, a partir da an\u00e1lise de curr\u00edculo dos [&hellip;]<\/p>\n","protected":false},"author":1,"featured_media":146,"comment_status":"closed","ping_status":"closed","sticky":false,"template":"","format":"standard","meta":{"_monsterinsights_skip_tracking":false,"footnotes":""},"categories":[16],"tags":[],"class_list":["post-254","post","type-post","status-publish","format-standard","has-post-thumbnail","hentry","category-noticias"],"_links":{"self":[{"href":"https:\/\/gremiovencedor.com.br\/novo\/wp-json\/wp\/v2\/posts\/254","targetHints":{"allow":["GET"]}}],"collection":[{"href":"https:\/\/gremiovencedor.com.br\/novo\/wp-json\/wp\/v2\/posts"}],"about":[{"href":"https:\/\/gremiovencedor.com.br\/novo\/wp-json\/wp\/v2\/types\/post"}],"author":[{"embeddable":true,"href":"https:\/\/gremiovencedor.com.br\/novo\/wp-json\/wp\/v2\/users\/1"}],"replies":[{"embeddable":true,"href":"https:\/\/gremiovencedor.com.br\/novo\/wp-json\/wp\/v2\/comments?post=254"}],"version-history":[{"count":1,"href":"https:\/\/gremiovencedor.com.br\/novo\/wp-json\/wp\/v2\/posts\/254\/revisions"}],"predecessor-version":[{"id":381,"href":"https:\/\/gremiovencedor.com.br\/novo\/wp-json\/wp\/v2\/posts\/254\/revisions\/381"}],"wp:featuredmedia":[{"embeddable":true,"href":"https:\/\/gremiovencedor.com.br\/novo\/wp-json\/wp\/v2\/media\/146"}],"wp:attachment":[{"href":"https:\/\/gremiovencedor.com.br\/novo\/wp-json\/wp\/v2\/media?parent=254"}],"wp:term":[{"taxonomy":"category","embeddable":true,"href":"https:\/\/gremiovencedor.com.br\/novo\/wp-json\/wp\/v2\/categories?post=254"},{"taxonomy":"post_tag","embeddable":true,"href":"https:\/\/gremiovencedor.com.br\/novo\/wp-json\/wp\/v2\/tags?post=254"}],"curies":[{"name":"wp","href":"https:\/\/api.w.org\/{rel}","templated":true}]}}