{"id":255,"date":"2014-02-15T12:00:00","date_gmt":"2014-02-15T14:00:00","guid":{"rendered":"https:\/\/gremiovencedor.com.br\/novo\/?p=255"},"modified":"2026-07-30T13:07:49","modified_gmt":"2026-07-30T16:07:49","slug":"mgv-prestigia-estreia-do-gremio-na-libertadores","status":"publish","type":"post","link":"https:\/\/gremiovencedor.com.br\/novo\/mgv-prestigia-estreia-do-gremio-na-libertadores\/","title":{"rendered":"MGV prestigia estreia do Gr\u00eamio na Libertadores"},"content":{"rendered":"<p>Foi por Montevid\u00e9u que o Gr\u00eamio come\u00e7ou a desbravar a Am\u00e9rica em 2014. Na capital uruguaia, acompanhado de perto pelo Movimento Gr\u00eamio Vencedor (MGV), o Tricolor ga\u00facho abriu de forma positiva sua 15\u00aa partipa\u00e7\u00e3o na hist\u00f3ria da Copa Libertadores: em pleno Parque Central, bateu o Nacional por 1 a 0, gol de Riveros, pela 1\u00aa rodada do Grupo 6.\u00a0 \u00a0 Liderada pelos conselheiros Thiago Brunetto, Renato Paese e Maur\u00edcio Pedrassani, uma comitiva (foto ao lado, com o diretor do clube, Marcos Chitolina) representou o MGV\u00a0in loco\u00a0na \u00faltima quinta-feira, prestigiando o trabalho do Departamento de Futebol no in\u00edcio da trajet\u00f3ria pelo tricampeonato sul-americano.\u00a0 \u00a0 Com os primeiros tr\u00eas pontos garantidos, o Gr\u00eamio volta a se apresentar pela Libertadores no dia 25, quando recebe na Arena o Atl\u00e9tico Nacional, da Col\u00f4mbia.\u00a0<\/p>\n","protected":false},"excerpt":{"rendered":"<p>Foi por Montevid\u00e9u que o Gr\u00eamio come\u00e7ou a desbravar a Am\u00e9rica em 2014. Na capital uruguaia, acompanhado de perto pelo Movimento Gr\u00eamio Vencedor (MGV), o Tricolor ga\u00facho abriu de forma positiva sua 15\u00aa partipa\u00e7\u00e3o na hist\u00f3ria da Copa Libertadores: em pleno Parque Central, bateu o Nacional por 1 a 0, gol de Riveros, pela 1\u00aa [&hellip;]<\/p>\n","protected":false},"author":1,"featured_media":256,"comment_status":"closed","ping_status":"closed","sticky":false,"template":"","format":"standard","meta":{"_monsterinsights_skip_tracking":false,"footnotes":""},"categories":[16],"tags":[],"class_list":["post-255","post","type-post","status-publish","format-standard","has-post-thumbnail","hentry","category-noticias"],"_links":{"self":[{"href":"https:\/\/gremiovencedor.com.br\/novo\/wp-json\/wp\/v2\/posts\/255","targetHints":{"allow":["GET"]}}],"collection":[{"href":"https:\/\/gremiovencedor.com.br\/novo\/wp-json\/wp\/v2\/posts"}],"about":[{"href":"https:\/\/gremiovencedor.com.br\/novo\/wp-json\/wp\/v2\/types\/post"}],"author":[{"embeddable":true,"href":"https:\/\/gremiovencedor.com.br\/novo\/wp-json\/wp\/v2\/users\/1"}],"replies":[{"embeddable":true,"href":"https:\/\/gremiovencedor.com.br\/novo\/wp-json\/wp\/v2\/comments?post=255"}],"version-history":[{"count":1,"href":"https:\/\/gremiovencedor.com.br\/novo\/wp-json\/wp\/v2\/posts\/255\/revisions"}],"predecessor-version":[{"id":380,"href":"https:\/\/gremiovencedor.com.br\/novo\/wp-json\/wp\/v2\/posts\/255\/revisions\/380"}],"wp:featuredmedia":[{"embeddable":true,"href":"https:\/\/gremiovencedor.com.br\/novo\/wp-json\/wp\/v2\/media\/256"}],"wp:attachment":[{"href":"https:\/\/gremiovencedor.com.br\/novo\/wp-json\/wp\/v2\/media?parent=255"}],"wp:term":[{"taxonomy":"category","embeddable":true,"href":"https:\/\/gremiovencedor.com.br\/novo\/wp-json\/wp\/v2\/categories?post=255"},{"taxonomy":"post_tag","embeddable":true,"href":"https:\/\/gremiovencedor.com.br\/novo\/wp-json\/wp\/v2\/tags?post=255"}],"curies":[{"name":"wp","href":"https:\/\/api.w.org\/{rel}","templated":true}]}}