{"id":257,"date":"2014-03-05T12:00:00","date_gmt":"2014-03-05T15:00:00","guid":{"rendered":"https:\/\/gremiovencedor.com.br\/novo\/?p=257"},"modified":"2026-07-30T13:07:49","modified_gmt":"2026-07-30T16:07:49","slug":"comunicado-ao-socio-gremista","status":"publish","type":"post","link":"https:\/\/gremiovencedor.com.br\/novo\/comunicado-ao-socio-gremista\/","title":{"rendered":"Comunicado ao s\u00f3cio gremista"},"content":{"rendered":"<p>Futebol Comandado por\u00a0Marcos Chitolina\u00a0e pelo Executivo Rui Costa, o Departamento de Futebol vem propiciando um grande in\u00edcio de ano a todos os gremistas. O trabalho realizado com convic\u00e7\u00e3o, da reformula\u00e7\u00e3o do elenco \u00e0 chegada do t\u00e9cnico Enderson Moreira e dos novos refor\u00e7os, trouxe resultados a curto prazo. Em dois meses, o Tricolor consolidou a lideran\u00e7a de sua chave no Campeonato Ga\u00facho e assumiu o primeiro lugar geral dentre todos os 32 participantes da etapa de grupos da Copa Libertadores da Am\u00e9rica, ap\u00f3s as incontest\u00e1veis vit\u00f3rias sobre o Nacional (URU), em Montevid\u00e9u, e o Atl\u00e9tico Nacional (COL) na Arena. \u00a0 Base Fruto do\u00a0Projeto Lapidar, o meia-atacante Luan surge como a grande revela\u00e7\u00e3o do clube em 2014. Depois de cumprir o processo de aprimoramento de suas caracter\u00edsticas, com trabalhos espec\u00edficos na base, o jovem de 20 anos foi integrado ao elenco profissional e rapidamente conquistou seu espa\u00e7o dentre os titulares. Em 10 partidas disputadas at\u00e9 o momento, Luan marcou dois gols, fez duas assist\u00eancias e sofreu dois p\u00eanaltis. Foi ele, por exemplo, o respons\u00e1vel pela segunda vit\u00f3ria na Copa Libertadores, por 3 a 0, sobre o Atl\u00e9tico Nacional. O programa Lapidar \u00e9 desenvolvido pelo\u00a0Departamento de Forma\u00e7\u00e3o, a cargo do Executivo J\u00fanior Ch\u00e1vare e do conselheiro\u00a0David Stival, integrante do MGV.\u00a0 \u00a0 Altera\u00e7\u00e3o estatut\u00e1ria De autoria do vice-presidente do Conselho de Administra\u00e7\u00e3o\u00a0Renato Moreira, integrante do MGV, a proposta que unifica os processos eleitorais do clube, al\u00e9m de alterar para tr\u00eas anos o per\u00edodo dos mandatos, est\u00e1 prestes a ter seu debate reiniciado. A partir de mar\u00e7o, o Conselho Deliberativo deve propor nova aprecia\u00e7\u00e3o do projeto, cuja aprova\u00e7\u00e3o n\u00e3o se fez poss\u00edvel na Assembleia Geral de dezembro passado. \u2013 Esta proposta tem por objetivo principal a unifica\u00e7\u00e3o dos processos eleitorais no Gr\u00eamio, de modo a propiciar um ambiente de maior estabilidade institucional ao nosso clube, minimizando, com isso, os constantes e sempre prejudiciais embates entre diversos grupos, que se renovam e se acirram a cada ano \u2013 afirma Moreira, lideran\u00e7a do MGV.\u00a0 \u00a0 \u00a0 MGV 2014 A nova temporada de trabalhos do\u00a0Gr\u00eamio Vencedor\u00a0j\u00e1 come\u00e7ou. Depois de marcar presen\u00e7a na abertura da temporada realizada em Bento Gon\u00e7alves, uma comitiva do MGV esteve em Montevid\u00e9u para a estreia do Gr\u00eamio na Copa Libertadores, levando apoio institucional \u00e0 Diretoria e Comiss\u00e3o T\u00e9cnica do clube. A\u00a0Coordena\u00e7\u00e3o do MGV\u00a0tamb\u00e9m preparou a agenda de suas atividades ao longo de 2014. A primeira Plen\u00e1ria Ordin\u00e1ria com os filiados do grupo ser\u00e1 realizada no pr\u00f3ximo dia 18 de mar\u00e7o, e as demais acontecer\u00e3o de forma bimestral. \u00a0 Participe conosco, junte-se ao MGV. Acesse o\u00a0site oficial\u00a0e conhe\u00e7a as propostas e a filosofia do grupo para melhorar a vida do clube. \u00a0 \u00a0 COORDENA\u00c7\u00c3O MOVIMENTO GR\u00caMIO VENCEDOR<\/p>\n","protected":false},"excerpt":{"rendered":"<p>Futebol Comandado por\u00a0Marcos Chitolina\u00a0e pelo Executivo Rui Costa, o Departamento de Futebol vem propiciando um grande in\u00edcio de ano a todos os gremistas. O trabalho realizado com convic\u00e7\u00e3o, da reformula\u00e7\u00e3o do elenco \u00e0 chegada do t\u00e9cnico Enderson Moreira e dos novos refor\u00e7os, trouxe resultados a curto prazo. Em dois meses, o Tricolor consolidou a lideran\u00e7a [&hellip;]<\/p>\n","protected":false},"author":1,"featured_media":146,"comment_status":"closed","ping_status":"closed","sticky":false,"template":"","format":"standard","meta":{"_monsterinsights_skip_tracking":false,"footnotes":""},"categories":[16],"tags":[],"class_list":["post-257","post","type-post","status-publish","format-standard","has-post-thumbnail","hentry","category-noticias"],"_links":{"self":[{"href":"https:\/\/gremiovencedor.com.br\/novo\/wp-json\/wp\/v2\/posts\/257","targetHints":{"allow":["GET"]}}],"collection":[{"href":"https:\/\/gremiovencedor.com.br\/novo\/wp-json\/wp\/v2\/posts"}],"about":[{"href":"https:\/\/gremiovencedor.com.br\/novo\/wp-json\/wp\/v2\/types\/post"}],"author":[{"embeddable":true,"href":"https:\/\/gremiovencedor.com.br\/novo\/wp-json\/wp\/v2\/users\/1"}],"replies":[{"embeddable":true,"href":"https:\/\/gremiovencedor.com.br\/novo\/wp-json\/wp\/v2\/comments?post=257"}],"version-history":[{"count":1,"href":"https:\/\/gremiovencedor.com.br\/novo\/wp-json\/wp\/v2\/posts\/257\/revisions"}],"predecessor-version":[{"id":379,"href":"https:\/\/gremiovencedor.com.br\/novo\/wp-json\/wp\/v2\/posts\/257\/revisions\/379"}],"wp:featuredmedia":[{"embeddable":true,"href":"https:\/\/gremiovencedor.com.br\/novo\/wp-json\/wp\/v2\/media\/146"}],"wp:attachment":[{"href":"https:\/\/gremiovencedor.com.br\/novo\/wp-json\/wp\/v2\/media?parent=257"}],"wp:term":[{"taxonomy":"category","embeddable":true,"href":"https:\/\/gremiovencedor.com.br\/novo\/wp-json\/wp\/v2\/categories?post=257"},{"taxonomy":"post_tag","embeddable":true,"href":"https:\/\/gremiovencedor.com.br\/novo\/wp-json\/wp\/v2\/tags?post=257"}],"curies":[{"name":"wp","href":"https:\/\/api.w.org\/{rel}","templated":true}]}}