{"id":258,"date":"2014-06-02T12:00:00","date_gmt":"2014-06-02T15:00:00","guid":{"rendered":"https:\/\/gremiovencedor.com.br\/novo\/?p=258"},"modified":"2026-07-30T13:07:49","modified_gmt":"2026-07-30T16:07:49","slug":"2-de-junho-de-2014-deflagrada-operacao-gremio","status":"publish","type":"post","link":"https:\/\/gremiovencedor.com.br\/novo\/2-de-junho-de-2014-deflagrada-operacao-gremio\/","title":{"rendered":"2 de junho de 2014: Deflagrada Opera\u00e7\u00e3o Gr\u00eamio"},"content":{"rendered":"<p>Entra para a hist\u00f3ria do Imortal Tricolor o dia 2 de junho de 2014. Depois de longos 16 meses de renegocia\u00e7\u00e3o, sob h\u00e1bil e obstinada condu\u00e7\u00e3o do presidente F\u00e1bio Koff, o Gr\u00eamio oficializou os termos do novo contrato com a empresa OAS.\u00a0 A assinatura do aditivo, em cerim\u00f4nia p\u00fablica nesta segunda-feira, inaugura cap\u00edtulo de extrema relev\u00e2ncia na rela\u00e7\u00e3o com a parceira, atrav\u00e9s de um modelo de neg\u00f3cio que viabiliza e restitui ao clube sua autonomia financeira. Por outra, o lan\u00e7amento da\u00a0OPERA\u00c7\u00c3O GR\u00caMIO\u00a0possibilita a todos &#8211; torcedores, associados, dirigentes, conselheiros &#8211; a chance de concretizar o grande salto oportunizado por este novo momento: assumir a gest\u00e3o\u00a0INTEGRAL\u00a0da Arena em at\u00e9 12 meses. Um trabalho de TODOS os gremistas daqui para frente, pois acima de quaisquer interesse h\u00e1 um interesse maior, o do Gr\u00eamio Foot-Ball Porto Alegrense. Como bem destacou o presidente Koff, nada \u00e9 imposs\u00edvel para n\u00f3s. A todos que dedicaram seus esfor\u00e7os para que este 2 de junho fosse poss\u00edvel, o entusiasmado reconhecimento do Movimento Gr\u00eamio Vencedor! \u00a0 Principais Altera\u00e7\u00f5es contratuais a partir da assinatura do 3\u00b0 aditivo: &#8211; Desobriga\u00e7\u00e3o de repassar \u00e0 Arena Porto-Alegrense valores (R$ 12 milh\u00f5es) relativos ao exerc\u00edcio 2013; &#8211; Redu\u00e7\u00e3o significativa dos repasses \u00e0 Arena Porto-Alegrense: de R$ 42 mi para R$ 15 mi\/2014 e R$ 18 mi\/2015 em diante; &#8211; Poder de novas associa\u00e7\u00f5es: s\u00f3cios ser\u00e3o apenas do Gr\u00eamio a partir de agora, com recursos de mensalidades revertidos exclusivamente ao clube; &#8211; Repasse ao clube dos valores necess\u00e1rios \u00e0 conclus\u00e3o do Novo Centro de Treinamentos (CT); &#8211; Mudan\u00e7as contratuais acima de R$ 5 mi, quaisquer que sejam, obrigatoriamente ter\u00e3o de ser aprovadas pelo Conselho Deliberativo (CD) do clube; &#8211; Memorando de Entendimento que estabelece a viabiliza\u00e7\u00e3o, em at\u00e9 12 meses e atrav\u00e9s de Comiss\u00e3o espec\u00edfica, da gest\u00e3o integral da Arena. \u00a0 Foto: Lucas Uebel|Divulga\u00e7\u00e3o Gr\u00eamio<\/p>\n","protected":false},"excerpt":{"rendered":"<p>Entra para a hist\u00f3ria do Imortal Tricolor o dia 2 de junho de 2014. Depois de longos 16 meses de renegocia\u00e7\u00e3o, sob h\u00e1bil e obstinada condu\u00e7\u00e3o do presidente F\u00e1bio Koff, o Gr\u00eamio oficializou os termos do novo contrato com a empresa OAS.\u00a0 A assinatura do aditivo, em cerim\u00f4nia p\u00fablica nesta segunda-feira, inaugura cap\u00edtulo de extrema [&hellip;]<\/p>\n","protected":false},"author":1,"featured_media":259,"comment_status":"closed","ping_status":"closed","sticky":false,"template":"","format":"standard","meta":{"_monsterinsights_skip_tracking":false,"footnotes":""},"categories":[16],"tags":[],"class_list":["post-258","post","type-post","status-publish","format-standard","has-post-thumbnail","hentry","category-noticias"],"_links":{"self":[{"href":"https:\/\/gremiovencedor.com.br\/novo\/wp-json\/wp\/v2\/posts\/258","targetHints":{"allow":["GET"]}}],"collection":[{"href":"https:\/\/gremiovencedor.com.br\/novo\/wp-json\/wp\/v2\/posts"}],"about":[{"href":"https:\/\/gremiovencedor.com.br\/novo\/wp-json\/wp\/v2\/types\/post"}],"author":[{"embeddable":true,"href":"https:\/\/gremiovencedor.com.br\/novo\/wp-json\/wp\/v2\/users\/1"}],"replies":[{"embeddable":true,"href":"https:\/\/gremiovencedor.com.br\/novo\/wp-json\/wp\/v2\/comments?post=258"}],"version-history":[{"count":1,"href":"https:\/\/gremiovencedor.com.br\/novo\/wp-json\/wp\/v2\/posts\/258\/revisions"}],"predecessor-version":[{"id":377,"href":"https:\/\/gremiovencedor.com.br\/novo\/wp-json\/wp\/v2\/posts\/258\/revisions\/377"}],"wp:featuredmedia":[{"embeddable":true,"href":"https:\/\/gremiovencedor.com.br\/novo\/wp-json\/wp\/v2\/media\/259"}],"wp:attachment":[{"href":"https:\/\/gremiovencedor.com.br\/novo\/wp-json\/wp\/v2\/media?parent=258"}],"wp:term":[{"taxonomy":"category","embeddable":true,"href":"https:\/\/gremiovencedor.com.br\/novo\/wp-json\/wp\/v2\/categories?post=258"},{"taxonomy":"post_tag","embeddable":true,"href":"https:\/\/gremiovencedor.com.br\/novo\/wp-json\/wp\/v2\/tags?post=258"}],"curies":[{"name":"wp","href":"https:\/\/api.w.org\/{rel}","templated":true}]}}