{"id":260,"date":"2014-06-02T12:00:00","date_gmt":"2014-06-02T15:00:00","guid":{"rendered":"https:\/\/gremiovencedor.com.br\/novo\/?p=260"},"modified":"2026-07-30T13:07:50","modified_gmt":"2026-07-30T16:07:50","slug":"mgv-homenageia-consul-de-parai","status":"publish","type":"post","link":"https:\/\/gremiovencedor.com.br\/novo\/mgv-homenageia-consul-de-parai\/","title":{"rendered":"MGV homenageia c\u00f4nsul de Para\u00ed"},"content":{"rendered":"<p>Em evento para quase 300 pessoas no \u00faltimo fim de semana, o Movimento Gr\u00eamio Vencedor (MGV) homenageou o c\u00f4nsul de Para\u00ed, Alberto Pinzetta, pelos servi\u00e7os prestados ao clube no Departamento Consular da Regi\u00e3o Norte ga\u00facha.\u00a0 De forma oficial, atrav\u00e9s do diretor consular Guido Spengler, o Gr\u00eamio tamb\u00e9m prestou seu reconhecimento ao trabalho de Pinzetta na representa\u00e7\u00e3o tricolor no munic\u00edpio, oferecendo-lhe uma placa como forma de agradecimento e agraciando-o c\u00f4nsul honor\u00e1rio.\u00a0 A celebra\u00e7\u00e3o ocorrida na Linha 30 &#8211; Pinzetta, em Casca, integrou ainda a comunidade local a alguns dos \u00eddolos gremistas das d\u00e9cadas de 80 e 90, como China, Danrlei e Jardel, que prestigiaram as solenidades.\u00a0 \u00a0 Dedicat\u00f3ria em placa do MGV a Alberto Pinzetta O Movimento Gr\u00eamio Vencedor tem a honra em homenagear o Conselheiro Alberto Luiz Pinzetta pelo companheirismo, dedica\u00e7\u00e3o e servi\u00e7os prestados ao nosso Tricolor, em especial pelo incans\u00e1vel trabalho \u00e0 frente do Consular de Para\u00ed. Vimos destacar tamb\u00e9m que sua lideran\u00e7a e determina\u00e7\u00e3o na defesa dos princ\u00edpios, valores e conceitos do nosso movimento, que visa sempre a unidade e a converg\u00eancia de prop\u00f3sitos em favor do Gr\u00eamio Foot-Ball Porto Alegrense, \u00e9 um exemplo para todos os gremistas desta regi\u00e3o.<\/p>\n","protected":false},"excerpt":{"rendered":"<p>Em evento para quase 300 pessoas no \u00faltimo fim de semana, o Movimento Gr\u00eamio Vencedor (MGV) homenageou o c\u00f4nsul de Para\u00ed, Alberto Pinzetta, pelos servi\u00e7os prestados ao clube no Departamento Consular da Regi\u00e3o Norte ga\u00facha.\u00a0 De forma oficial, atrav\u00e9s do diretor consular Guido Spengler, o Gr\u00eamio tamb\u00e9m prestou seu reconhecimento ao trabalho de Pinzetta na [&hellip;]<\/p>\n","protected":false},"author":1,"featured_media":261,"comment_status":"closed","ping_status":"closed","sticky":false,"template":"","format":"standard","meta":{"_monsterinsights_skip_tracking":false,"footnotes":""},"categories":[16],"tags":[],"class_list":["post-260","post","type-post","status-publish","format-standard","has-post-thumbnail","hentry","category-noticias"],"_links":{"self":[{"href":"https:\/\/gremiovencedor.com.br\/novo\/wp-json\/wp\/v2\/posts\/260","targetHints":{"allow":["GET"]}}],"collection":[{"href":"https:\/\/gremiovencedor.com.br\/novo\/wp-json\/wp\/v2\/posts"}],"about":[{"href":"https:\/\/gremiovencedor.com.br\/novo\/wp-json\/wp\/v2\/types\/post"}],"author":[{"embeddable":true,"href":"https:\/\/gremiovencedor.com.br\/novo\/wp-json\/wp\/v2\/users\/1"}],"replies":[{"embeddable":true,"href":"https:\/\/gremiovencedor.com.br\/novo\/wp-json\/wp\/v2\/comments?post=260"}],"version-history":[{"count":1,"href":"https:\/\/gremiovencedor.com.br\/novo\/wp-json\/wp\/v2\/posts\/260\/revisions"}],"predecessor-version":[{"id":378,"href":"https:\/\/gremiovencedor.com.br\/novo\/wp-json\/wp\/v2\/posts\/260\/revisions\/378"}],"wp:featuredmedia":[{"embeddable":true,"href":"https:\/\/gremiovencedor.com.br\/novo\/wp-json\/wp\/v2\/media\/261"}],"wp:attachment":[{"href":"https:\/\/gremiovencedor.com.br\/novo\/wp-json\/wp\/v2\/media?parent=260"}],"wp:term":[{"taxonomy":"category","embeddable":true,"href":"https:\/\/gremiovencedor.com.br\/novo\/wp-json\/wp\/v2\/categories?post=260"},{"taxonomy":"post_tag","embeddable":true,"href":"https:\/\/gremiovencedor.com.br\/novo\/wp-json\/wp\/v2\/tags?post=260"}],"curies":[{"name":"wp","href":"https:\/\/api.w.org\/{rel}","templated":true}]}}