{"id":262,"date":"2014-06-05T12:00:00","date_gmt":"2014-06-05T15:00:00","guid":{"rendered":"https:\/\/gremiovencedor.com.br\/novo\/?p=262"},"modified":"2026-07-30T13:07:50","modified_gmt":"2026-07-30T16:07:50","slug":"mgv-promove-seminario-em-porto-alegre","status":"publish","type":"post","link":"https:\/\/gremiovencedor.com.br\/novo\/mgv-promove-seminario-em-porto-alegre\/","title":{"rendered":"MGV promove semin\u00e1rio em Porto Alegre"},"content":{"rendered":"<p>Com o objetivo de enriquecer o debate para a consolida\u00e7\u00e3o de uma Cultura da Paz nos Est\u00e1dios, o Movimento Gr\u00eamio Vencedor (MGV) realiza semin\u00e1rio p\u00fablico na pr\u00f3xima ter\u00e7a-feira, dia 10 de junho, em Porto Alegre. O evento prop\u00f5e-se a discutir a possibilidade de erradica\u00e7\u00e3o do racismo e da intoler\u00e2ncia a partir a\u00e7\u00f5es imediatas de combate a atitudes preconceituosas, que se intensificam no \u00e2mbito esportivo.\u00a0 \u00a0 \u2013 Compreender as causas destas manifesta\u00e7\u00f5es, em especial o racismo, \u00e9 fundamental para que se erradique a viol\u00eancia dos est\u00e1dios. Neste sentido, o semin\u00e1rio organizado pelo MGV tem por objetivo qualificar este debate t\u00e3o relevante em busca de propostas concretas, a serem posteriormente apresentadas \u00e0 administra\u00e7\u00e3o do clube \u2013 ressalta o conselheiro e membro do Conselho de Administra\u00e7\u00e3o do Gr\u00eamio, Renato Moreira, que far\u00e1 a media\u00e7\u00e3o do encontro. \u00a0 Dois pain\u00e9is ocorrem a partir das 20h (programa completo na imagem ao lado), com a participa\u00e7\u00e3o de Tarciso, jogador gremista entre as d\u00e9cadas de 70 e 80; do professor Edilson Nabarro, soci\u00f3logo, fundador do Movimento Negro Unificado e coordenador do Centro Ecum\u00eanico de Cultura Negra; do Juiz de Direito Marco Aur\u00e9lio Xavier, designado para atuar na Copa do Mundo 2014; e do procurador do Tribunal de Justi\u00e7a da Federa\u00e7\u00e3o Ga\u00facha de Futebol, Alberto Franco. As inscri\u00e7\u00f5es s\u00e3o gratuitas e est\u00e3o sendo registradas exclusivamente por e-mail:coordenacaoMGV@gmail.com \u00a0 Servi\u00e7o \u00a0 O que: \u00a0Semin\u00e1rio Cultura da Paz nos Est\u00e1dios &#8211; Erradica\u00e7\u00e3o do Racismo e da Intoler\u00e2ncia Quando:\u00a0Ter\u00e7a-feira, 10 de junho de 2014 Hor\u00e1rio:\u00a019h30 Onde: \u00a0Audit\u00f3rio do Rossi Business Park (Avenida Ipiranga, 7464 &#8211; Porto Alegre\/RS \u00a0 \u00a0<\/p>\n","protected":false},"excerpt":{"rendered":"<p>Com o objetivo de enriquecer o debate para a consolida\u00e7\u00e3o de uma Cultura da Paz nos Est\u00e1dios, o Movimento Gr\u00eamio Vencedor (MGV) realiza semin\u00e1rio p\u00fablico na pr\u00f3xima ter\u00e7a-feira, dia 10 de junho, em Porto Alegre. O evento prop\u00f5e-se a discutir a possibilidade de erradica\u00e7\u00e3o do racismo e da intoler\u00e2ncia a partir a\u00e7\u00f5es imediatas de combate [&hellip;]<\/p>\n","protected":false},"author":1,"featured_media":0,"comment_status":"closed","ping_status":"closed","sticky":false,"template":"","format":"standard","meta":{"_monsterinsights_skip_tracking":false,"footnotes":""},"categories":[16],"tags":[],"class_list":["post-262","post","type-post","status-publish","format-standard","hentry","category-noticias"],"_links":{"self":[{"href":"https:\/\/gremiovencedor.com.br\/novo\/wp-json\/wp\/v2\/posts\/262","targetHints":{"allow":["GET"]}}],"collection":[{"href":"https:\/\/gremiovencedor.com.br\/novo\/wp-json\/wp\/v2\/posts"}],"about":[{"href":"https:\/\/gremiovencedor.com.br\/novo\/wp-json\/wp\/v2\/types\/post"}],"author":[{"embeddable":true,"href":"https:\/\/gremiovencedor.com.br\/novo\/wp-json\/wp\/v2\/users\/1"}],"replies":[{"embeddable":true,"href":"https:\/\/gremiovencedor.com.br\/novo\/wp-json\/wp\/v2\/comments?post=262"}],"version-history":[{"count":1,"href":"https:\/\/gremiovencedor.com.br\/novo\/wp-json\/wp\/v2\/posts\/262\/revisions"}],"predecessor-version":[{"id":376,"href":"https:\/\/gremiovencedor.com.br\/novo\/wp-json\/wp\/v2\/posts\/262\/revisions\/376"}],"wp:attachment":[{"href":"https:\/\/gremiovencedor.com.br\/novo\/wp-json\/wp\/v2\/media?parent=262"}],"wp:term":[{"taxonomy":"category","embeddable":true,"href":"https:\/\/gremiovencedor.com.br\/novo\/wp-json\/wp\/v2\/categories?post=262"},{"taxonomy":"post_tag","embeddable":true,"href":"https:\/\/gremiovencedor.com.br\/novo\/wp-json\/wp\/v2\/tags?post=262"}],"curies":[{"name":"wp","href":"https:\/\/api.w.org\/{rel}","templated":true}]}}