{"id":263,"date":"2014-06-10T12:00:00","date_gmt":"2014-06-10T15:00:00","guid":{"rendered":"https:\/\/gremiovencedor.com.br\/novo\/?p=263"},"modified":"2026-07-30T13:07:50","modified_gmt":"2026-07-30T16:07:50","slug":"acao-do-mgv-discute-cultura-da-paz-nos-estadios","status":"publish","type":"post","link":"https:\/\/gremiovencedor.com.br\/novo\/acao-do-mgv-discute-cultura-da-paz-nos-estadios\/","title":{"rendered":"A\u00e7\u00e3o do MGV discute Cultura da Paz nos Est\u00e1dios"},"content":{"rendered":"<p>\u00a0 Sob a \u00f3tica do Esporte, da Sociologia e do Direito, a tem\u00e1tica da discrimina\u00e7\u00e3o racial e da viol\u00eancia no ambiente do futebol recebeu especial aten\u00e7\u00e3o nesta ter\u00e7a-feira. \u00c0s v\u00e9speras da Copa do Mundo 2014 e atento \u00e0s recentes manifesta\u00e7\u00f5es no mundo da bola, o Movimento Gr\u00eamio Vencedor (MGV) promoveu em Porto Alegre o\u00a0Semin\u00e1rio Cultura da Paz nos Est\u00e1dios &#8211; Erradica\u00e7\u00e3o do Racismo e da Intoler\u00e2ncia. O evento reuniu lideran\u00e7as pol\u00edticas do clube, s\u00f3cios, torcedores e autoridades dos respectivos campos de atua\u00e7\u00e3o, com o objetivo de debater a origem das atitudes preconceituosas e, por meio das discuss\u00f5es, construir propostas de interfer\u00eancia na realidade atual.\u00a0 \u00a0 Os debates, que estenderam-se por mais de tr\u00eas horas e tiveram a media\u00e7\u00e3o do vice-presidente Renato Moreira, foram abertos pelo soci\u00f3logo Edilson Nabarro (foto abaixo), um dos fundadores do Movimento Negro no estado. Em explana\u00e7\u00e3o ao p\u00fablico, o professor da UFRGS contextualizou sua abordagem te\u00f3rica no sentido de esclarecer a diferen\u00e7a entre tr\u00eas frentes: a do preconceito racial (julgamento antecipado sobre determinado grupo), a do racismo (doutrina ou sistema de ideias que pressup\u00f5e a exist\u00eancia de ra\u00e7as superiores) e a da discrimina\u00e7\u00e3o racial (qualquer distin\u00e7\u00e3o, restri\u00e7\u00e3o ou prefer\u00eancia baseada na cor, para restringir o acesso aos direitos e liberdades individuais de cada cidad\u00e3o). A partir de tal distin\u00e7\u00e3o, Nabarro prop\u00f4s-se elencar maneiras de diagnosticar tais pr\u00e1ticas, a fim de inverter a \u201cpr\u00e1tica recorrente\u201d da desvitimiza\u00e7\u00e3o, atualmente a cargo do indiv\u00edduo agredido, e n\u00e3o das organiza\u00e7\u00f5es e\/ou institui\u00e7\u00f5es a qual ele representa.\u00a0 \u00a0 Tamb\u00e9m na condi\u00e7\u00e3o de convidado especial, o ex-jogador Tarciso revelou em depoimento que a quest\u00e3o racial circunda h\u00e1 tempos o esporte: \u201cO racismo \u00e9 muito forte, e n\u00e3o s\u00f3 de branco contra negro. H\u00e1 uma d\u00edvida educacional no pa\u00eds\u201d, considerou o Flecha Negra, campe\u00e3o mundial pelo Gr\u00eamio em 1983 e com passagem pela Sele\u00e7\u00e3o Brasileira, atualmente vereador em segundo mandato na Capital ga\u00facha. \u00a0 No painel\u00a0\u201cO Enfrentamento da Viol\u00eancia nos Est\u00e1dios\u201d, o Juiz de Direito Marco Aur\u00e9lio Xavier, respons\u00e1vel pelo Juizado do Torcedor e designado para atuar no Mundial de sele\u00e7\u00f5es, trouxe relatos de sua experi\u00eancia no combate\u00a0in loco\u00a0\u00e0 intoler\u00e2ncia: \u201cN\u00e3o existe nada no Brasil que mobilize mais o povo que o futebol. Mas isso traz alguns efeitos colaterais, como a rivalidade mal administrada, a criminalidade, a discrimina\u00e7\u00e3o. N\u00e3o podemos conceber, por exemplo, que um sujeito se volte contra outra pessoa apenas por v\u00ea-la com a camisa de outro clube\u201d. De acordo com Xavier, a mudan\u00e7a de comportamento nos est\u00e1dios deve atender ao m\u00e9todo sustentado em educa\u00e7\u00e3o, fiscaliza\u00e7\u00e3o e responsabiliza\u00e7\u00e3o: \u201cNo momento em que a paix\u00e3o justifica a agress\u00e3o, algo est\u00e1 errado, o rem\u00e9dio vira veneno. A cultura de paz, como bem trata este encontro, \u00e9 um processo, do qual tamb\u00e9m faz parte a puni\u00e7\u00e3o. Devemos \u00e9 procurar cultivar uma consci\u00eancia coletiva para atingirmos o objetivo de erradicar a viol\u00eancia desse ambiente\u201d. \u00a0 Em seguida, o procurador do Tribunal de Justi\u00e7a Desportiva da Federa\u00e7\u00e3o Ga\u00facha de Futebol, Alberto Franco, exp\u00f4s sua participa\u00e7\u00e3o e o tratamento da entidade no Caso M\u00e1rcio Chagas, \u00e1rbitro v\u00edtima de discrimina\u00e7\u00e3o racial na partida entre Esportivo e Veran\u00f3polis no \u00faltimo Campeonato Ga\u00facho: \u201cFoi o caso mais grave do futebol ga\u00facho. O M\u00e1rcio teve diminu\u00edda sua condi\u00e7\u00e3o humana, sua dignidade, aquilo que \u00e9 mais caro para n\u00f3s. E por tr\u00eas vezes: na entrada em campo, na volta do intervalo e na sa\u00edda do vesti\u00e1rio. Some-se a isso a omiss\u00e3o do clube. O TJD tinha de fazer hist\u00f3ria e mostrar que pr\u00e1ticas como aquelas n\u00e3o s\u00e3o toleradas em campeonatos organizados pela federa\u00e7\u00e3o\u201d, destacou, ao lembrar da pena de nove pontos imposta ao Esportivo, o que resultou no rebaixamento do representante de Bento Gon\u00e7alves na elite estadual.\u00a0 \u00a0 Nabarro, finalmente, resumiu os desafios de quem se dedica a problematizar a intoler\u00e2ncia e buscar solu\u00e7\u00f5es para extingui-la: \u201cA discuss\u00e3o que se travou pode ser paradigm\u00e1tica, por ajudar na constru\u00e7\u00e3o de normativas que minimizem os atos de viol\u00eancia nos est\u00e1dios. Os marcos legais existem e sa\u00edmos daqui com um card\u00e1pio de encaminhamentos pr\u00e1ticos. Nossa maior tarefa \u00e9 operacionaliz\u00e1-los nas tr\u00eas pontas referidas: educa\u00e7\u00e3o, fiscaliza\u00e7\u00e3o e responsabiliza\u00e7\u00e3o\u201d. \u00a0 \u00c0 presen\u00e7a do presidente do Conselho Deliberativo do Gr\u00eamio, Milton Camargo, a organiza\u00e7\u00e3o do semin\u00e1rio externou sua inten\u00e7\u00e3o de levar adiante no \u00e2mbito gremista as iniciativas, propostas e sugest\u00f5es apresentadas: \u201cParabenizo a todos pela realiza\u00e7\u00e3o deste evento. O assunto mostrou novamente sua relev\u00e2ncia e penso que merece maior espa\u00e7o no clube. Estamos abertos a isso. Contem conosco\u201d, assegurou Camargo.<\/p>\n","protected":false},"excerpt":{"rendered":"<p>\u00a0 Sob a \u00f3tica do Esporte, da Sociologia e do Direito, a tem\u00e1tica da discrimina\u00e7\u00e3o racial e da viol\u00eancia no ambiente do futebol recebeu especial aten\u00e7\u00e3o nesta ter\u00e7a-feira. \u00c0s v\u00e9speras da Copa do Mundo 2014 e atento \u00e0s recentes manifesta\u00e7\u00f5es no mundo da bola, o Movimento Gr\u00eamio Vencedor (MGV) promoveu em Porto Alegre o\u00a0Semin\u00e1rio Cultura [&hellip;]<\/p>\n","protected":false},"author":1,"featured_media":264,"comment_status":"closed","ping_status":"closed","sticky":false,"template":"","format":"standard","meta":{"_monsterinsights_skip_tracking":false,"footnotes":""},"categories":[16],"tags":[],"class_list":["post-263","post","type-post","status-publish","format-standard","has-post-thumbnail","hentry","category-noticias"],"_links":{"self":[{"href":"https:\/\/gremiovencedor.com.br\/novo\/wp-json\/wp\/v2\/posts\/263","targetHints":{"allow":["GET"]}}],"collection":[{"href":"https:\/\/gremiovencedor.com.br\/novo\/wp-json\/wp\/v2\/posts"}],"about":[{"href":"https:\/\/gremiovencedor.com.br\/novo\/wp-json\/wp\/v2\/types\/post"}],"author":[{"embeddable":true,"href":"https:\/\/gremiovencedor.com.br\/novo\/wp-json\/wp\/v2\/users\/1"}],"replies":[{"embeddable":true,"href":"https:\/\/gremiovencedor.com.br\/novo\/wp-json\/wp\/v2\/comments?post=263"}],"version-history":[{"count":1,"href":"https:\/\/gremiovencedor.com.br\/novo\/wp-json\/wp\/v2\/posts\/263\/revisions"}],"predecessor-version":[{"id":375,"href":"https:\/\/gremiovencedor.com.br\/novo\/wp-json\/wp\/v2\/posts\/263\/revisions\/375"}],"wp:featuredmedia":[{"embeddable":true,"href":"https:\/\/gremiovencedor.com.br\/novo\/wp-json\/wp\/v2\/media\/264"}],"wp:attachment":[{"href":"https:\/\/gremiovencedor.com.br\/novo\/wp-json\/wp\/v2\/media?parent=263"}],"wp:term":[{"taxonomy":"category","embeddable":true,"href":"https:\/\/gremiovencedor.com.br\/novo\/wp-json\/wp\/v2\/categories?post=263"},{"taxonomy":"post_tag","embeddable":true,"href":"https:\/\/gremiovencedor.com.br\/novo\/wp-json\/wp\/v2\/tags?post=263"}],"curies":[{"name":"wp","href":"https:\/\/api.w.org\/{rel}","templated":true}]}}