{"id":265,"date":"2014-06-17T12:00:00","date_gmt":"2014-06-17T15:00:00","guid":{"rendered":"https:\/\/gremiovencedor.com.br\/novo\/?p=265"},"modified":"2026-07-30T13:07:51","modified_gmt":"2026-07-30T16:07:51","slug":"em-plenaria-mgv-debate-cenario-eleitoral-gremista","status":"publish","type":"post","link":"https:\/\/gremiovencedor.com.br\/novo\/em-plenaria-mgv-debate-cenario-eleitoral-gremista\/","title":{"rendered":"Em plen\u00e1ria, MGV debate cen\u00e1rio eleitoral gremista"},"content":{"rendered":"<p>Em sequ\u00eancia \u00e0s atividades da temporada 2014, o Movimento Gr\u00eamio Vencedor (MGV) promoveu assembleia ordin\u00e1ria na segunda-feira (16), com o objetivo de deliberar acerca das iniciativas do grupo visando ao processo eleitoral deste segundo semestre. Mesmo em tempos de aten\u00e7\u00f5es voltadas \u00e0 disputa da Copa do Mundo no Brasil, dezenas de integrantes compareceram \u00e0 plen\u00e1ria em que o vice-presidente do Conselho de Administra\u00e7\u00e3o do clube e lideran\u00e7a do MGV, Renato Moreira, oficializou a decis\u00e3o de n\u00e3o concorrer \u00e0s elei\u00e7\u00f5es presidenciais, em setembro. Ao explanar sobre o encaminhamento do cen\u00e1rio sucess\u00f3rio da atual gest\u00e3o, Moreira ressaltou estar totalmente alinhado \u00e0 posi\u00e7\u00e3o a ser tomada pelo movimento nos pr\u00f3ximos meses. Por consequ\u00eancia, definiu-se a cria\u00e7\u00e3o de comiss\u00e3o espec\u00edfica que doravante tratar\u00e1 das articula\u00e7\u00f5es pol\u00edticas do MGV, composta pelos conselheiros Ant\u00f4nio Castro, Jorge Buchabqui, Luis Gustavo Schmitz e Renato Paese. Seus integrantes, saliente-se, n\u00e3o integram quadros da atual administra\u00e7\u00e3o, crit\u00e9rio estabelecido como prioridade a fim de viabilizar suas a\u00e7\u00f5es, desvinculando-as da participa\u00e7\u00e3o no clube. Com aval un\u00e2nime da plen\u00e1ria, tal comiss\u00e3o comprometeu-se em trazer os resultados ao grupo, para decis\u00f5es em conjunto, sempre que poss\u00edvel. A coordena\u00e7\u00e3o-geral, por fim, deu as boas vindas aos novos componentes do MGV e destacou o \u00eaxito na realiza\u00e7\u00e3o do\u00a0Semin\u00e1rio Cultura da Paz nos Est\u00e1dios &#8211; Erradica\u00e7\u00e3o do Racismo e da Intoler\u00e2ncia, no \u00faltimo dia 10, em Porto Alegre. O\u00a0evento\u00a0reuniu especialistas para debater os recentes epis\u00f3dios de discrimina\u00e7\u00e3o no esporte e a possibilidade de sedimentar uma consci\u00eancia coletiva de toler\u00e2ncia neste segmento. Houve consenso acerca da organiza\u00e7\u00e3o do encontro e do n\u00edvel de conte\u00fado apresentado pelos palestrantes &#8211; o professor Edilson Nabarro, soci\u00f3logo da UFRGS; o campe\u00e3o mundial pelo Gr\u00eamio, Tarciso; o Juiz Marco Aur\u00e9lio Xavier, do Juizado do Torcedor; e o procurador Alberto Franco, da Federa\u00e7\u00e3o Ga\u00facha de Futebol. Entre seus prop\u00f3sitos, o MGV objetiva a troca de experi\u00eancias a respeito da gest\u00e3o do Futebol, bem como a forma\u00e7\u00e3o de novos dirigentes para o clube, raz\u00e3o pela qual realizar\u00e1 pelo menos dois eventos anuais sobre temas de igual relev\u00e2ncia.\u00a0<\/p>\n","protected":false},"excerpt":{"rendered":"<p>Em sequ\u00eancia \u00e0s atividades da temporada 2014, o Movimento Gr\u00eamio Vencedor (MGV) promoveu assembleia ordin\u00e1ria na segunda-feira (16), com o objetivo de deliberar acerca das iniciativas do grupo visando ao processo eleitoral deste segundo semestre. Mesmo em tempos de aten\u00e7\u00f5es voltadas \u00e0 disputa da Copa do Mundo no Brasil, dezenas de integrantes compareceram \u00e0 plen\u00e1ria [&hellip;]<\/p>\n","protected":false},"author":1,"featured_media":266,"comment_status":"closed","ping_status":"closed","sticky":false,"template":"","format":"standard","meta":{"_monsterinsights_skip_tracking":false,"footnotes":""},"categories":[16],"tags":[],"class_list":["post-265","post","type-post","status-publish","format-standard","has-post-thumbnail","hentry","category-noticias"],"_links":{"self":[{"href":"https:\/\/gremiovencedor.com.br\/novo\/wp-json\/wp\/v2\/posts\/265","targetHints":{"allow":["GET"]}}],"collection":[{"href":"https:\/\/gremiovencedor.com.br\/novo\/wp-json\/wp\/v2\/posts"}],"about":[{"href":"https:\/\/gremiovencedor.com.br\/novo\/wp-json\/wp\/v2\/types\/post"}],"author":[{"embeddable":true,"href":"https:\/\/gremiovencedor.com.br\/novo\/wp-json\/wp\/v2\/users\/1"}],"replies":[{"embeddable":true,"href":"https:\/\/gremiovencedor.com.br\/novo\/wp-json\/wp\/v2\/comments?post=265"}],"version-history":[{"count":1,"href":"https:\/\/gremiovencedor.com.br\/novo\/wp-json\/wp\/v2\/posts\/265\/revisions"}],"predecessor-version":[{"id":374,"href":"https:\/\/gremiovencedor.com.br\/novo\/wp-json\/wp\/v2\/posts\/265\/revisions\/374"}],"wp:featuredmedia":[{"embeddable":true,"href":"https:\/\/gremiovencedor.com.br\/novo\/wp-json\/wp\/v2\/media\/266"}],"wp:attachment":[{"href":"https:\/\/gremiovencedor.com.br\/novo\/wp-json\/wp\/v2\/media?parent=265"}],"wp:term":[{"taxonomy":"category","embeddable":true,"href":"https:\/\/gremiovencedor.com.br\/novo\/wp-json\/wp\/v2\/categories?post=265"},{"taxonomy":"post_tag","embeddable":true,"href":"https:\/\/gremiovencedor.com.br\/novo\/wp-json\/wp\/v2\/tags?post=265"}],"curies":[{"name":"wp","href":"https:\/\/api.w.org\/{rel}","templated":true}]}}