{"id":267,"date":"2014-07-03T12:00:00","date_gmt":"2014-07-03T15:00:00","guid":{"rendered":"https:\/\/gremiovencedor.com.br\/novo\/?p=267"},"modified":"2026-07-30T13:07:51","modified_gmt":"2026-07-30T16:07:51","slug":"nota-de-pesar-celso-rodriguez","status":"publish","type":"post","link":"https:\/\/gremiovencedor.com.br\/novo\/nota-de-pesar-celso-rodriguez\/","title":{"rendered":"Nota de pesar &#8211; Celso Rodriguez"},"content":{"rendered":"<p>O MGV manifesta pesar em virtude do falecimento do Dr. Celso Rodriguez, ocorrido na manh\u00e3 desta quinta (3) em Porto Alegre.\u00a0 Rodriguez exercia a dire\u00e7\u00e3o-executiva do Departamento Jur\u00eddico do Gr\u00eamio, ao qual prestou por anos os mais relevantes servi\u00e7os. Com consterna\u00e7\u00e3o, externamos \u00e0 fam\u00edlia e amigos os votos de solidariedade neste momento de dor e luto.\u00a0 O vel\u00f3rio ocorre a partir das 20h de hoje na Capela K do Cemit\u00e9rio Jardim da Paz (Estrada Jo\u00e3o de Oliveira Remi\u00e3o, 1347, Bairro Agronomia, Porto Alegre), e a cerim\u00f4nia de sepultamento ter\u00e1 in\u00edcio \u00e0s 14h desta sexta (4) no mesmo local.\u00a0<\/p>\n","protected":false},"excerpt":{"rendered":"<p>O MGV manifesta pesar em virtude do falecimento do Dr. Celso Rodriguez, ocorrido na manh\u00e3 desta quinta (3) em Porto Alegre.\u00a0 Rodriguez exercia a dire\u00e7\u00e3o-executiva do Departamento Jur\u00eddico do Gr\u00eamio, ao qual prestou por anos os mais relevantes servi\u00e7os. Com consterna\u00e7\u00e3o, externamos \u00e0 fam\u00edlia e amigos os votos de solidariedade neste momento de dor e [&hellip;]<\/p>\n","protected":false},"author":1,"featured_media":146,"comment_status":"closed","ping_status":"closed","sticky":false,"template":"","format":"standard","meta":{"_monsterinsights_skip_tracking":false,"footnotes":""},"categories":[16],"tags":[],"class_list":["post-267","post","type-post","status-publish","format-standard","has-post-thumbnail","hentry","category-noticias"],"_links":{"self":[{"href":"https:\/\/gremiovencedor.com.br\/novo\/wp-json\/wp\/v2\/posts\/267","targetHints":{"allow":["GET"]}}],"collection":[{"href":"https:\/\/gremiovencedor.com.br\/novo\/wp-json\/wp\/v2\/posts"}],"about":[{"href":"https:\/\/gremiovencedor.com.br\/novo\/wp-json\/wp\/v2\/types\/post"}],"author":[{"embeddable":true,"href":"https:\/\/gremiovencedor.com.br\/novo\/wp-json\/wp\/v2\/users\/1"}],"replies":[{"embeddable":true,"href":"https:\/\/gremiovencedor.com.br\/novo\/wp-json\/wp\/v2\/comments?post=267"}],"version-history":[{"count":1,"href":"https:\/\/gremiovencedor.com.br\/novo\/wp-json\/wp\/v2\/posts\/267\/revisions"}],"predecessor-version":[{"id":373,"href":"https:\/\/gremiovencedor.com.br\/novo\/wp-json\/wp\/v2\/posts\/267\/revisions\/373"}],"wp:featuredmedia":[{"embeddable":true,"href":"https:\/\/gremiovencedor.com.br\/novo\/wp-json\/wp\/v2\/media\/146"}],"wp:attachment":[{"href":"https:\/\/gremiovencedor.com.br\/novo\/wp-json\/wp\/v2\/media?parent=267"}],"wp:term":[{"taxonomy":"category","embeddable":true,"href":"https:\/\/gremiovencedor.com.br\/novo\/wp-json\/wp\/v2\/categories?post=267"},{"taxonomy":"post_tag","embeddable":true,"href":"https:\/\/gremiovencedor.com.br\/novo\/wp-json\/wp\/v2\/tags?post=267"}],"curies":[{"name":"wp","href":"https:\/\/api.w.org\/{rel}","templated":true}]}}