{"id":268,"date":"2014-08-12T12:00:00","date_gmt":"2014-08-12T15:00:00","guid":{"rendered":"https:\/\/gremiovencedor.com.br\/novo\/?p=268"},"modified":"2026-07-30T13:07:51","modified_gmt":"2026-07-30T16:07:51","slug":"gremio-abre-novas-associacoes-na-arena","status":"publish","type":"post","link":"https:\/\/gremiovencedor.com.br\/novo\/gremio-abre-novas-associacoes-na-arena\/","title":{"rendered":"Gr\u00eamio abre novas associa\u00e7\u00f5es na Arena"},"content":{"rendered":"<p>O Gr\u00eamio apresenta uma das principais conquistas obtidas com a assinatura do novo contrato entre o Clube e a construtora OAS. A partir desta ter\u00e7a-feira, 12, o Tricolor inicia processo de associa\u00e7\u00e3o para cadeiras na Arena. A prioridade ser\u00e1 dos atuais s\u00f3cios e seus familiares, torcedores cadastrados no Ex\u00e9rcito Gremista e na sequ\u00eancia, p\u00fablico em geral. Os locais ser\u00e3o ofertados de acordo com a disponibilidade de cada setor. Os interessados devem se dirigir ao Quadro Social, no Est\u00e1dio Ol\u00edmpico, conforme cronograma dividido em quatro fases. A primeira delas inicia nesta ter\u00e7a-feira, dia 12, e ir\u00e1 contemplar atuais s\u00f3cios e familiares de associados de cadeiras Gold e Gramado. A segunda fase, que come\u00e7a em 20 de agosto, atender\u00e1 as demandas para atuais s\u00f3cios e familiares de associados de cadeiras Alta Central e Corner. A terceira fase, marcada para 1\u00ba de setembro, ser\u00e1 destinada aos torcedores cadastrados no Ex\u00e9rcito Gremista. A partir do dia 15 de setembro, o Gr\u00eamio abre a possibilidade de associa\u00e7\u00e3o para o p\u00fablico em geral. Mais informa\u00e7\u00f5es podem ser obtidas pelo telefone: (51) 3218 2000. \u00a0 Confira abaixo o cronograma para associa\u00e7\u00f5es: FASE 01: a partir de 12 de agosto \u2013 Cadeiras Gold e Gramado Dispon\u00edvel para todos os atuais s\u00f3cios, de todas as categorias, e para familiares de associados de cadeiras Gold e Gramado \u00a0 FASE 02: a partir de 20 de agosto \u2013 Cadeiras Alta Central e Corner Dispon\u00edvel para todos os atuais s\u00f3cios, de todas as categorias, e para familiares de associados de cadeiras Alta Central e Corner \u00a0 FASE 03: a partir de 1\u00ba de setembro Dispon\u00edvel para torcedores cadastrados no Ex\u00e9rcito Gremista \u00a0 FASE 04: a partir de 15 de setembro Dispon\u00edvel para demais torcedores \u00a0 Fonte: gremio.net<\/p>\n","protected":false},"excerpt":{"rendered":"<p>O Gr\u00eamio apresenta uma das principais conquistas obtidas com a assinatura do novo contrato entre o Clube e a construtora OAS. A partir desta ter\u00e7a-feira, 12, o Tricolor inicia processo de associa\u00e7\u00e3o para cadeiras na Arena. A prioridade ser\u00e1 dos atuais s\u00f3cios e seus familiares, torcedores cadastrados no Ex\u00e9rcito Gremista e na sequ\u00eancia, p\u00fablico em [&hellip;]<\/p>\n","protected":false},"author":1,"featured_media":269,"comment_status":"closed","ping_status":"closed","sticky":false,"template":"","format":"standard","meta":{"_monsterinsights_skip_tracking":false,"footnotes":""},"categories":[16],"tags":[],"class_list":["post-268","post","type-post","status-publish","format-standard","has-post-thumbnail","hentry","category-noticias"],"_links":{"self":[{"href":"https:\/\/gremiovencedor.com.br\/novo\/wp-json\/wp\/v2\/posts\/268","targetHints":{"allow":["GET"]}}],"collection":[{"href":"https:\/\/gremiovencedor.com.br\/novo\/wp-json\/wp\/v2\/posts"}],"about":[{"href":"https:\/\/gremiovencedor.com.br\/novo\/wp-json\/wp\/v2\/types\/post"}],"author":[{"embeddable":true,"href":"https:\/\/gremiovencedor.com.br\/novo\/wp-json\/wp\/v2\/users\/1"}],"replies":[{"embeddable":true,"href":"https:\/\/gremiovencedor.com.br\/novo\/wp-json\/wp\/v2\/comments?post=268"}],"version-history":[{"count":1,"href":"https:\/\/gremiovencedor.com.br\/novo\/wp-json\/wp\/v2\/posts\/268\/revisions"}],"predecessor-version":[{"id":372,"href":"https:\/\/gremiovencedor.com.br\/novo\/wp-json\/wp\/v2\/posts\/268\/revisions\/372"}],"wp:featuredmedia":[{"embeddable":true,"href":"https:\/\/gremiovencedor.com.br\/novo\/wp-json\/wp\/v2\/media\/269"}],"wp:attachment":[{"href":"https:\/\/gremiovencedor.com.br\/novo\/wp-json\/wp\/v2\/media?parent=268"}],"wp:term":[{"taxonomy":"category","embeddable":true,"href":"https:\/\/gremiovencedor.com.br\/novo\/wp-json\/wp\/v2\/categories?post=268"},{"taxonomy":"post_tag","embeddable":true,"href":"https:\/\/gremiovencedor.com.br\/novo\/wp-json\/wp\/v2\/tags?post=268"}],"curies":[{"name":"wp","href":"https:\/\/api.w.org\/{rel}","templated":true}]}}