{"id":270,"date":"2014-08-20T12:00:00","date_gmt":"2014-08-20T15:00:00","guid":{"rendered":"https:\/\/gremiovencedor.com.br\/novo\/?p=270"},"modified":"2026-07-30T13:07:51","modified_gmt":"2026-07-30T16:07:51","slug":"mgv-exalta-resgate-da-vice-presidencia-de-futebol","status":"publish","type":"post","link":"https:\/\/gremiovencedor.com.br\/novo\/mgv-exalta-resgate-da-vice-presidencia-de-futebol\/","title":{"rendered":"MGV exalta resgate da vice-presid\u00eancia de Futebol"},"content":{"rendered":"<p>Em sess\u00e3o extraordin\u00e1ria na \u00faltima segunda-feira, o Conselho Deliberativo (CD) gremista, por amplo entendimento, aprovou o resgate da vice-presid\u00eancia de Futebol, pasta que deixara de atuar no clube ainda ao final de 2004. A restitui\u00e7\u00e3o do cargo, com direito \u00e0 participa\u00e7\u00e3o nas reuni\u00f5es do Conselho de Administra\u00e7\u00e3o (CA) e de livre nomea\u00e7\u00e3o pelo presidente, recebeu o aval da maioria dos 208 dos conselheiros presentes \u00e0 plen\u00e1ria e depende agora do referendo do associado, em assembleia a ser realizada ap\u00f3s o pleito de outubro pr\u00f3ximo. \u00a0 O Movimento Gr\u00eamio Vencedor (MGV), que nos \u00faltimos anos empenhou seus esfor\u00e7os no sentido de preservar a utiliza\u00e7\u00e3o da referida vice-presid\u00eancia (projeto de 2009 apresentado pelo conselheiro Renato Moreira, com emenda para elei\u00e7\u00f5es a cada tr\u00eas anos, propunha seu restabelecimento), sa\u00fada a decis\u00e3o externada pelo CD, por entender essa como posi\u00e7\u00e3o de extrema e estrat\u00e9gica import\u00e2ncia. \u00a0 \u2013 O cargo de vice-presidente de Futebol prestigia aquele que \u00e9 o Departamento mais importante do clube, investindo o seu titular de grau de autonomia essencial para o comando do vesti\u00e1rio. Ademais, o vice passa a ter assento no CA e, embora sem direito a voto, estabelece uma interface direta com o \u00f3rg\u00e3o gestor, facilitando a tomada de decis\u00f5es em todos os n\u00edveis da administra\u00e7\u00e3o, a qual deve estar voltada para o \u00eaxito da atividade fim do Gr\u00eamio, o Futebol \u2013 destaca o vice-presidente Renato Moreira, lideran\u00e7a do MGV. \u00a0 Foto: gremio.net<\/p>\n","protected":false},"excerpt":{"rendered":"<p>Em sess\u00e3o extraordin\u00e1ria na \u00faltima segunda-feira, o Conselho Deliberativo (CD) gremista, por amplo entendimento, aprovou o resgate da vice-presid\u00eancia de Futebol, pasta que deixara de atuar no clube ainda ao final de 2004. A restitui\u00e7\u00e3o do cargo, com direito \u00e0 participa\u00e7\u00e3o nas reuni\u00f5es do Conselho de Administra\u00e7\u00e3o (CA) e de livre nomea\u00e7\u00e3o pelo presidente, recebeu [&hellip;]<\/p>\n","protected":false},"author":1,"featured_media":271,"comment_status":"closed","ping_status":"closed","sticky":false,"template":"","format":"standard","meta":{"_monsterinsights_skip_tracking":false,"footnotes":""},"categories":[16],"tags":[],"class_list":["post-270","post","type-post","status-publish","format-standard","has-post-thumbnail","hentry","category-noticias"],"_links":{"self":[{"href":"https:\/\/gremiovencedor.com.br\/novo\/wp-json\/wp\/v2\/posts\/270","targetHints":{"allow":["GET"]}}],"collection":[{"href":"https:\/\/gremiovencedor.com.br\/novo\/wp-json\/wp\/v2\/posts"}],"about":[{"href":"https:\/\/gremiovencedor.com.br\/novo\/wp-json\/wp\/v2\/types\/post"}],"author":[{"embeddable":true,"href":"https:\/\/gremiovencedor.com.br\/novo\/wp-json\/wp\/v2\/users\/1"}],"replies":[{"embeddable":true,"href":"https:\/\/gremiovencedor.com.br\/novo\/wp-json\/wp\/v2\/comments?post=270"}],"version-history":[{"count":1,"href":"https:\/\/gremiovencedor.com.br\/novo\/wp-json\/wp\/v2\/posts\/270\/revisions"}],"predecessor-version":[{"id":371,"href":"https:\/\/gremiovencedor.com.br\/novo\/wp-json\/wp\/v2\/posts\/270\/revisions\/371"}],"wp:featuredmedia":[{"embeddable":true,"href":"https:\/\/gremiovencedor.com.br\/novo\/wp-json\/wp\/v2\/media\/271"}],"wp:attachment":[{"href":"https:\/\/gremiovencedor.com.br\/novo\/wp-json\/wp\/v2\/media?parent=270"}],"wp:term":[{"taxonomy":"category","embeddable":true,"href":"https:\/\/gremiovencedor.com.br\/novo\/wp-json\/wp\/v2\/categories?post=270"},{"taxonomy":"post_tag","embeddable":true,"href":"https:\/\/gremiovencedor.com.br\/novo\/wp-json\/wp\/v2\/tags?post=270"}],"curies":[{"name":"wp","href":"https:\/\/api.w.org\/{rel}","templated":true}]}}