{"id":274,"date":"2014-12-04T12:00:00","date_gmt":"2014-12-04T14:00:00","guid":{"rendered":"https:\/\/gremiovencedor.com.br\/novo\/?p=274"},"modified":"2026-07-30T13:07:52","modified_gmt":"2026-07-30T16:07:52","slug":"gremio-promove-assembleia-geral-de-socios-na-arena","status":"publish","type":"post","link":"https:\/\/gremiovencedor.com.br\/novo\/gremio-promove-assembleia-geral-de-socios-na-arena\/","title":{"rendered":"Gr\u00eamio promove Assembleia Geral de s\u00f3cios na Arena"},"content":{"rendered":"<p>O associado do Gr\u00eamio poder\u00e1 participar de mais um importante momento na vida tricolor. Neste s\u00e1bado, dia 6 de dezembro, as\u00a0seis\u00a0propostas\u00a0de mudan\u00e7a no Estatuto do clube ser\u00e3o levadas \u00e0 sua aprecia\u00e7\u00e3o em Assembleia Geral na Arena, a partir das 10h.\u00a0 As altera\u00e7\u00f5es j\u00e1 receberam a aprova\u00e7\u00e3o do Conselho Deliberativo e agora seguem para avalia\u00e7\u00e3o do s\u00f3cio, que deve ratificar ou vetar as decis\u00f5es. A vota\u00e7\u00e3o ocorre no Port\u00e3o A do est\u00e1dio e estende-se at\u00e9 \u00e0s 15h. Est\u00e3o habilitados os associados maiores de 16 anos e com, no m\u00ednimo, dois anos ininterruptos de contribui\u00e7\u00e3o.\u00a0 O Movimento Gr\u00eamio Vencedor ressalta a import\u00e2ncia deste novo cap\u00edtulo na vida institucional gremista e convida o s\u00f3cio a externar sua opini\u00e3o nas urnas, mais uma vez. \u00a0 Propostas de altera\u00e7\u00e3o estatut\u00e1ria 1 \u2013 Altera\u00e7\u00e3o (obrigat\u00f3ria) em face da nova reda\u00e7\u00e3o da Lei Pel\u00e9 que torna ineleg\u00edvel \u00e0 sucess\u00e3o o c\u00f4njuge, os parentes consangu\u00edneos ou afins at\u00e9 2\u00ba grau ou por ado\u00e7\u00e3o; 2 \u2013 Altera\u00e7\u00e3o (obrigat\u00f3ria) em face da nova reda\u00e7\u00e3o da Lei Pel\u00e9, pela qual o balan\u00e7o anual deve ser elaborado segundo os crit\u00e9rios estabelecidos pelo Conselho Federal de Contabilidade e torna p\u00fablico o acesso \u00e0 presta\u00e7\u00e3o de contas e demonstra\u00e7\u00f5es financeiras no portal do clube; 3 \u2013 Aumento do n\u00famero de membros da Comiss\u00e3o Permanente do Conselho Deliberativo para o m\u00ednimo de sete integrantes; 4 \u2013 Altera\u00e7\u00e3o do local para registro das chapas por ocasi\u00e3o de elei\u00e7\u00e3o no clube, passando tal registro a ser feito na Secretaria do Conselho Deliberativo; 5 \u2013 Aprova\u00e7\u00e3o da cria\u00e7\u00e3o da categoria de Conselheiro Jubilado, o qual integra e participa das reuni\u00f5es do Conselho Deliberativo, mas n\u00e3o possui direito de voto; 6 \u2013 Previs\u00e3o estatut\u00e1ria do cargo de Vice-Presidente de Futebol, o qual ir\u00e1 compor o Conselho de Administra\u00e7\u00e3o, mas sem direito a voto, sendo a escolha de livre nomea\u00e7\u00e3o do Presidente do Conselho de Administra\u00e7\u00e3o. \u00a0 Coordena\u00e7\u00e3o Movimento Gr\u00eamio Vencedor<\/p>\n","protected":false},"excerpt":{"rendered":"<p>O associado do Gr\u00eamio poder\u00e1 participar de mais um importante momento na vida tricolor. Neste s\u00e1bado, dia 6 de dezembro, as\u00a0seis\u00a0propostas\u00a0de mudan\u00e7a no Estatuto do clube ser\u00e3o levadas \u00e0 sua aprecia\u00e7\u00e3o em Assembleia Geral na Arena, a partir das 10h.\u00a0 As altera\u00e7\u00f5es j\u00e1 receberam a aprova\u00e7\u00e3o do Conselho Deliberativo e agora seguem para avalia\u00e7\u00e3o do [&hellip;]<\/p>\n","protected":false},"author":1,"featured_media":275,"comment_status":"closed","ping_status":"closed","sticky":false,"template":"","format":"standard","meta":{"_monsterinsights_skip_tracking":false,"footnotes":""},"categories":[16],"tags":[],"class_list":["post-274","post","type-post","status-publish","format-standard","has-post-thumbnail","hentry","category-noticias"],"_links":{"self":[{"href":"https:\/\/gremiovencedor.com.br\/novo\/wp-json\/wp\/v2\/posts\/274","targetHints":{"allow":["GET"]}}],"collection":[{"href":"https:\/\/gremiovencedor.com.br\/novo\/wp-json\/wp\/v2\/posts"}],"about":[{"href":"https:\/\/gremiovencedor.com.br\/novo\/wp-json\/wp\/v2\/types\/post"}],"author":[{"embeddable":true,"href":"https:\/\/gremiovencedor.com.br\/novo\/wp-json\/wp\/v2\/users\/1"}],"replies":[{"embeddable":true,"href":"https:\/\/gremiovencedor.com.br\/novo\/wp-json\/wp\/v2\/comments?post=274"}],"version-history":[{"count":1,"href":"https:\/\/gremiovencedor.com.br\/novo\/wp-json\/wp\/v2\/posts\/274\/revisions"}],"predecessor-version":[{"id":369,"href":"https:\/\/gremiovencedor.com.br\/novo\/wp-json\/wp\/v2\/posts\/274\/revisions\/369"}],"wp:featuredmedia":[{"embeddable":true,"href":"https:\/\/gremiovencedor.com.br\/novo\/wp-json\/wp\/v2\/media\/275"}],"wp:attachment":[{"href":"https:\/\/gremiovencedor.com.br\/novo\/wp-json\/wp\/v2\/media?parent=274"}],"wp:term":[{"taxonomy":"category","embeddable":true,"href":"https:\/\/gremiovencedor.com.br\/novo\/wp-json\/wp\/v2\/categories?post=274"},{"taxonomy":"post_tag","embeddable":true,"href":"https:\/\/gremiovencedor.com.br\/novo\/wp-json\/wp\/v2\/tags?post=274"}],"curies":[{"name":"wp","href":"https:\/\/api.w.org\/{rel}","templated":true}]}}