{"id":276,"date":"2014-12-10T12:00:00","date_gmt":"2014-12-10T14:00:00","guid":{"rendered":"https:\/\/gremiovencedor.com.br\/novo\/?p=276"},"modified":"2026-07-30T13:07:52","modified_gmt":"2026-07-30T16:07:52","slug":"mgv-anuncia-novos-coordenadores-em-plenaria","status":"publish","type":"post","link":"https:\/\/gremiovencedor.com.br\/novo\/mgv-anuncia-novos-coordenadores-em-plenaria\/","title":{"rendered":"MGV anuncia novos coordenadores em plen\u00e1ria"},"content":{"rendered":"<p>Com a aclama\u00e7\u00e3o dos novos componentes da Coordena\u00e7\u00e3o Geral, o Movimento Gr\u00eamio Vencedor (MGV) encerrou as atividades da atual temporada. Aprovados por unanimidade em assembleia, os conselheiros Anderson Zanella e Sadi Tonatto, a partir de 2015, passam a coordenar o grupo politicamente &#8211; ao lado de Alberto Rosa, Jos\u00e9 Fernando Jochims e Maur\u00edcio Pedrassani.\u00a0 \u00c0s v\u00e9speras da virada de ano, a plen\u00e1ria desta ter\u00e7a-feira em Porto Alegre tamb\u00e9m oportunizou a confraterniza\u00e7\u00e3o entre os integrantes do MGV, bem como a avalia\u00e7\u00e3o acerca da participa\u00e7\u00e3o na Gest\u00e3o Koff (2013-2014). \u2013 O MGV teve um papel fundamental no retorno do presidente Koff ao Conselho de Administra\u00e7\u00e3o (CA) do Gr\u00eamio, no momento em que n\u00e3o pod\u00edamos permitir que o outro projeto seguisse. Muito nos esfor\u00e7amos para essa volta. Apoiamos e participamos da gest\u00e3o, com nossos quadros compondo o CA, o Departamento de Futebol profissional e amador, o Jur\u00eddico e o M\u00e9dico. Do ponto de vista pol\u00edtico-institucional, cumprimos nossa miss\u00e3o e sa\u00edmos dela satisfeitos \u2013 recordou o conselheiro Renato Paese, tamb\u00e9m antecipando a posi\u00e7\u00e3o do movimento nos pr\u00f3ximos dois anos.\u00a0 \u2013 Liberamos o grupo durante a \u00faltima campanha eleitoral, respeitando as posi\u00e7\u00f5es individuais, porque n\u00e3o nos envolveremos na composi\u00e7\u00e3o da gest\u00e3o. Estaremos apoiando o presidente Romildo, por\u00e9m sem a participa\u00e7\u00e3o administrativa \u2013 pontuou. L\u00edder do MGV e vice-presidente do CA na Gest\u00e3o Koff, Renato Moreira refor\u00e7ou a disposi\u00e7\u00e3o interna de construir um projeto pol\u00edtico pr\u00f3prio a m\u00e9dio-longo prazo. \u2013 Estamos e estaremos sempre ao lado do Gr\u00eamio. O que for para o bem do clube ter\u00e1 o apoio do MGV. Mas tamb\u00e9m vamos buscar o nosso espa\u00e7o pol\u00edtico, para contribuir com uma iniciativa que tenha mais o nosso perfil.\u00a0<\/p>\n","protected":false},"excerpt":{"rendered":"<p>Com a aclama\u00e7\u00e3o dos novos componentes da Coordena\u00e7\u00e3o Geral, o Movimento Gr\u00eamio Vencedor (MGV) encerrou as atividades da atual temporada. Aprovados por unanimidade em assembleia, os conselheiros Anderson Zanella e Sadi Tonatto, a partir de 2015, passam a coordenar o grupo politicamente &#8211; ao lado de Alberto Rosa, Jos\u00e9 Fernando Jochims e Maur\u00edcio Pedrassani.\u00a0 \u00c0s [&hellip;]<\/p>\n","protected":false},"author":1,"featured_media":277,"comment_status":"closed","ping_status":"closed","sticky":false,"template":"","format":"standard","meta":{"_monsterinsights_skip_tracking":false,"footnotes":""},"categories":[16],"tags":[],"class_list":["post-276","post","type-post","status-publish","format-standard","has-post-thumbnail","hentry","category-noticias"],"_links":{"self":[{"href":"https:\/\/gremiovencedor.com.br\/novo\/wp-json\/wp\/v2\/posts\/276","targetHints":{"allow":["GET"]}}],"collection":[{"href":"https:\/\/gremiovencedor.com.br\/novo\/wp-json\/wp\/v2\/posts"}],"about":[{"href":"https:\/\/gremiovencedor.com.br\/novo\/wp-json\/wp\/v2\/types\/post"}],"author":[{"embeddable":true,"href":"https:\/\/gremiovencedor.com.br\/novo\/wp-json\/wp\/v2\/users\/1"}],"replies":[{"embeddable":true,"href":"https:\/\/gremiovencedor.com.br\/novo\/wp-json\/wp\/v2\/comments?post=276"}],"version-history":[{"count":1,"href":"https:\/\/gremiovencedor.com.br\/novo\/wp-json\/wp\/v2\/posts\/276\/revisions"}],"predecessor-version":[{"id":368,"href":"https:\/\/gremiovencedor.com.br\/novo\/wp-json\/wp\/v2\/posts\/276\/revisions\/368"}],"wp:featuredmedia":[{"embeddable":true,"href":"https:\/\/gremiovencedor.com.br\/novo\/wp-json\/wp\/v2\/media\/277"}],"wp:attachment":[{"href":"https:\/\/gremiovencedor.com.br\/novo\/wp-json\/wp\/v2\/media?parent=276"}],"wp:term":[{"taxonomy":"category","embeddable":true,"href":"https:\/\/gremiovencedor.com.br\/novo\/wp-json\/wp\/v2\/categories?post=276"},{"taxonomy":"post_tag","embeddable":true,"href":"https:\/\/gremiovencedor.com.br\/novo\/wp-json\/wp\/v2\/tags?post=276"}],"curies":[{"name":"wp","href":"https:\/\/api.w.org\/{rel}","templated":true}]}}