{"id":280,"date":"2015-03-24T12:00:00","date_gmt":"2015-03-24T15:00:00","guid":{"rendered":"https:\/\/gremiovencedor.com.br\/novo\/?p=280"},"modified":"2026-07-30T13:07:53","modified_gmt":"2026-07-30T16:07:53","slug":"mgv-realiza-primeira-plenaria-de-2015","status":"publish","type":"post","link":"https:\/\/gremiovencedor.com.br\/novo\/mgv-realiza-primeira-plenaria-de-2015\/","title":{"rendered":"MGV realiza primeira plen\u00e1ria de 2015"},"content":{"rendered":"<p>O Movimento Gr\u00eamio Vencedor (MGV) deu in\u00edcio \u00e0s suas atividades nesta segunda-feira (23), em Plen\u00e1ria que contou com a presen\u00e7a de dezenas de integrantes. A reuni\u00e3o, coordenada pelo conselheiro Alberto Rosa, abriu de forma oficial a temporada de trabalho do MGV. Em um primeiro momento, o novo integrante, Rafael Weber, apresentou-se ao grupo. Em seguida, foi a vez do coordenador Maur\u00edcio Pedrassani apresentar a nova assessoria de imprensa do MGV. Nesta primeira reuni\u00e3o de 2015, um dos l\u00edderes do MGV, Renato Moreira, fez uma explana\u00e7\u00e3o acerca do momento pol\u00edtico atual do clube, refor\u00e7ando a decis\u00e3o do grupo de n\u00e3o participar da gest\u00e3o administrativa do Gr\u00eamio e a contribui\u00e7\u00e3o do MGV na gest\u00e3o Koff. Ao final da Plen\u00e1ria, alguns conselheiros tomaram a palavra e fizeram considera\u00e7\u00f5es sobre o importante papel do MGV no cen\u00e1rio pol\u00edtico gremista. Luiz Gustavo Schmitz falou sobre sua satisfa\u00e7\u00e3o em retornar \u00e0 coordena\u00e7\u00e3o ampliada do MGV. Anderson Zanella fez pondera\u00e7\u00f5es sobre o \u00faltimo pleito. Thiago Brunetto projetou a atua\u00e7\u00e3o do grupo na vida pol\u00edtica do clube. Marcos Chitolina avaliou o in\u00edcio da temporada e, por fim, Renato Moreira salientou a retomada do Projeto Gr\u00eamio do Futuro: &#8211; Vamos criar comiss\u00f5es de trabalhos para avan\u00e7armos e definirmos as premissas do nosso Projeto. Esse \u00e9 o nosso compromisso a partir de agora.<\/p>\n","protected":false},"excerpt":{"rendered":"<p>O Movimento Gr\u00eamio Vencedor (MGV) deu in\u00edcio \u00e0s suas atividades nesta segunda-feira (23), em Plen\u00e1ria que contou com a presen\u00e7a de dezenas de integrantes. A reuni\u00e3o, coordenada pelo conselheiro Alberto Rosa, abriu de forma oficial a temporada de trabalho do MGV. Em um primeiro momento, o novo integrante, Rafael Weber, apresentou-se ao grupo. Em seguida, [&hellip;]<\/p>\n","protected":false},"author":1,"featured_media":281,"comment_status":"closed","ping_status":"closed","sticky":false,"template":"","format":"standard","meta":{"_monsterinsights_skip_tracking":false,"footnotes":""},"categories":[16],"tags":[],"class_list":["post-280","post","type-post","status-publish","format-standard","has-post-thumbnail","hentry","category-noticias"],"_links":{"self":[{"href":"https:\/\/gremiovencedor.com.br\/novo\/wp-json\/wp\/v2\/posts\/280","targetHints":{"allow":["GET"]}}],"collection":[{"href":"https:\/\/gremiovencedor.com.br\/novo\/wp-json\/wp\/v2\/posts"}],"about":[{"href":"https:\/\/gremiovencedor.com.br\/novo\/wp-json\/wp\/v2\/types\/post"}],"author":[{"embeddable":true,"href":"https:\/\/gremiovencedor.com.br\/novo\/wp-json\/wp\/v2\/users\/1"}],"replies":[{"embeddable":true,"href":"https:\/\/gremiovencedor.com.br\/novo\/wp-json\/wp\/v2\/comments?post=280"}],"version-history":[{"count":1,"href":"https:\/\/gremiovencedor.com.br\/novo\/wp-json\/wp\/v2\/posts\/280\/revisions"}],"predecessor-version":[{"id":365,"href":"https:\/\/gremiovencedor.com.br\/novo\/wp-json\/wp\/v2\/posts\/280\/revisions\/365"}],"wp:featuredmedia":[{"embeddable":true,"href":"https:\/\/gremiovencedor.com.br\/novo\/wp-json\/wp\/v2\/media\/281"}],"wp:attachment":[{"href":"https:\/\/gremiovencedor.com.br\/novo\/wp-json\/wp\/v2\/media?parent=280"}],"wp:term":[{"taxonomy":"category","embeddable":true,"href":"https:\/\/gremiovencedor.com.br\/novo\/wp-json\/wp\/v2\/categories?post=280"},{"taxonomy":"post_tag","embeddable":true,"href":"https:\/\/gremiovencedor.com.br\/novo\/wp-json\/wp\/v2\/tags?post=280"}],"curies":[{"name":"wp","href":"https:\/\/api.w.org\/{rel}","templated":true}]}}