{"id":312,"date":"2016-07-25T12:00:00","date_gmt":"2016-07-25T15:00:00","guid":{"rendered":"https:\/\/gremiovencedor.com.br\/novo\/?p=312"},"modified":"2026-07-30T13:08:32","modified_gmt":"2026-07-30T16:08:32","slug":"mgv-reune-se-para-projetar-eleicoes-2016","status":"publish","type":"post","link":"https:\/\/gremiovencedor.com.br\/novo\/mgv-reune-se-para-projetar-eleicoes-2016\/","title":{"rendered":"MGV re\u00fane-se para projetar Elei\u00e7\u00f5es 2016"},"content":{"rendered":"<p>O Movimento Gr\u00eamio Vencedor \u2013 MGV esteve reunido para almo\u00e7o nesta segunda-feira (25), em Porto Alegre, com o prop\u00f3sito de projetar as elei\u00e7\u00f5es gremistas. No dia 24 de setembro ocorre o pleito para a escolha de 150 membros efetivos e 30 suplentes do Conselho Deliberativo do Gr\u00eamio para o per\u00edodo de 2016\/2022. Neste segundo semestre acontecem tamb\u00e9m as elei\u00e7\u00f5es para presidente do Conselho e para presidente do Clube. A reuni\u00e3o foi coordenada pelo conselheiro Renato Moreira. Na ocasi\u00e3o, os integrantes do Grupo foram atualizados sobre o quadro de sa\u00fade do Presidente de Honra do MGV, Luiz Carlos Silveira Martins, o Cacalo. \u00a0<\/p>\n","protected":false},"excerpt":{"rendered":"<p>O Movimento Gr\u00eamio Vencedor \u2013 MGV esteve reunido para almo\u00e7o nesta segunda-feira (25), em Porto Alegre, com o prop\u00f3sito de projetar as elei\u00e7\u00f5es gremistas. No dia 24 de setembro ocorre o pleito para a escolha de 150 membros efetivos e 30 suplentes do Conselho Deliberativo do Gr\u00eamio para o per\u00edodo de 2016\/2022. Neste segundo semestre [&hellip;]<\/p>\n","protected":false},"author":1,"featured_media":313,"comment_status":"closed","ping_status":"closed","sticky":false,"template":"","format":"standard","meta":{"_monsterinsights_skip_tracking":false,"footnotes":""},"categories":[16],"tags":[],"class_list":["post-312","post","type-post","status-publish","format-standard","has-post-thumbnail","hentry","category-noticias"],"_links":{"self":[{"href":"https:\/\/gremiovencedor.com.br\/novo\/wp-json\/wp\/v2\/posts\/312","targetHints":{"allow":["GET"]}}],"collection":[{"href":"https:\/\/gremiovencedor.com.br\/novo\/wp-json\/wp\/v2\/posts"}],"about":[{"href":"https:\/\/gremiovencedor.com.br\/novo\/wp-json\/wp\/v2\/types\/post"}],"author":[{"embeddable":true,"href":"https:\/\/gremiovencedor.com.br\/novo\/wp-json\/wp\/v2\/users\/1"}],"replies":[{"embeddable":true,"href":"https:\/\/gremiovencedor.com.br\/novo\/wp-json\/wp\/v2\/comments?post=312"}],"version-history":[{"count":1,"href":"https:\/\/gremiovencedor.com.br\/novo\/wp-json\/wp\/v2\/posts\/312\/revisions"}],"predecessor-version":[{"id":361,"href":"https:\/\/gremiovencedor.com.br\/novo\/wp-json\/wp\/v2\/posts\/312\/revisions\/361"}],"wp:featuredmedia":[{"embeddable":true,"href":"https:\/\/gremiovencedor.com.br\/novo\/wp-json\/wp\/v2\/media\/313"}],"wp:attachment":[{"href":"https:\/\/gremiovencedor.com.br\/novo\/wp-json\/wp\/v2\/media?parent=312"}],"wp:term":[{"taxonomy":"category","embeddable":true,"href":"https:\/\/gremiovencedor.com.br\/novo\/wp-json\/wp\/v2\/categories?post=312"},{"taxonomy":"post_tag","embeddable":true,"href":"https:\/\/gremiovencedor.com.br\/novo\/wp-json\/wp\/v2\/tags?post=312"}],"curies":[{"name":"wp","href":"https:\/\/api.w.org\/{rel}","templated":true}]}}