{"id":318,"date":"2016-08-15T12:00:00","date_gmt":"2016-08-15T15:00:00","guid":{"rendered":"https:\/\/gremiovencedor.com.br\/novo\/?p=318"},"modified":"2026-07-30T13:08:33","modified_gmt":"2026-07-30T16:08:33","slug":"mgv-intensifica-reunioes-para-preparar-campanha-das-eleicoes-do-conselho","status":"publish","type":"post","link":"https:\/\/gremiovencedor.com.br\/novo\/mgv-intensifica-reunioes-para-preparar-campanha-das-eleicoes-do-conselho\/","title":{"rendered":"MGV intensifica reuni\u00f5es para preparar campanha das elei\u00e7\u00f5es do Conselho"},"content":{"rendered":"<p>O Movimento Gr\u00eamio Vencedor \u2013 MGV reuniu-se novamente nesta segunda-feira (15) para tratar dos preparativos de campanha das elei\u00e7\u00f5es para o Conselho Deliberativo do Gr\u00eamio. Ser\u00e3o escolhidos 150 membros efetivos e 30 suplentes, que trabalhar\u00e3o pelo clube at\u00e9 2022. Renato Munhoz, um dos coordenadores do Movimento, liderou a reuni\u00e3o, relatando os avan\u00e7os para a composi\u00e7\u00e3o de chapa. Nos pr\u00f3ximos dias ocorrer\u00e1 o lan\u00e7amento oficial. Como ser\u00e1 o processo eleitoral As elei\u00e7\u00f5es para o Conselho Deliberativo do Gr\u00eamio acontecer\u00e3o dia 24 de setembro, das 10h \u00e0s 17h, na Arena do Gr\u00eamio \u2013 Port\u00e3o A. A vota\u00e7\u00e3o via internet se dar\u00e1 com a participa\u00e7\u00e3o e os mecanismos de seguran\u00e7a da PROCERGS, pelo site www.gremioeleicoes2016.com.br Estar\u00e3o aptos a votar os s\u00f3cios maiores de 16 anos (at\u00e9 o dia das elei\u00e7\u00f5es), pertencentes ao Quadro Social h\u00e1 mais de 2 anos ininterruptos e com pagamentos em dia at\u00e9 31 de julho de 2016. O s\u00f3cio deve estar com o cadastro atualizado no Quadro Social. A atualiza\u00e7\u00e3o pode ser feita mediante login no site socio.gremio.net ou atrav\u00e9s da Central de Atendimento na Arena do Gr\u00eamio. \u00a0<\/p>\n","protected":false},"excerpt":{"rendered":"<p>O Movimento Gr\u00eamio Vencedor \u2013 MGV reuniu-se novamente nesta segunda-feira (15) para tratar dos preparativos de campanha das elei\u00e7\u00f5es para o Conselho Deliberativo do Gr\u00eamio. Ser\u00e3o escolhidos 150 membros efetivos e 30 suplentes, que trabalhar\u00e3o pelo clube at\u00e9 2022. Renato Munhoz, um dos coordenadores do Movimento, liderou a reuni\u00e3o, relatando os avan\u00e7os para a composi\u00e7\u00e3o [&hellip;]<\/p>\n","protected":false},"author":1,"featured_media":319,"comment_status":"closed","ping_status":"closed","sticky":false,"template":"","format":"standard","meta":{"_monsterinsights_skip_tracking":false,"footnotes":""},"categories":[16],"tags":[],"class_list":["post-318","post","type-post","status-publish","format-standard","has-post-thumbnail","hentry","category-noticias"],"_links":{"self":[{"href":"https:\/\/gremiovencedor.com.br\/novo\/wp-json\/wp\/v2\/posts\/318","targetHints":{"allow":["GET"]}}],"collection":[{"href":"https:\/\/gremiovencedor.com.br\/novo\/wp-json\/wp\/v2\/posts"}],"about":[{"href":"https:\/\/gremiovencedor.com.br\/novo\/wp-json\/wp\/v2\/types\/post"}],"author":[{"embeddable":true,"href":"https:\/\/gremiovencedor.com.br\/novo\/wp-json\/wp\/v2\/users\/1"}],"replies":[{"embeddable":true,"href":"https:\/\/gremiovencedor.com.br\/novo\/wp-json\/wp\/v2\/comments?post=318"}],"version-history":[{"count":1,"href":"https:\/\/gremiovencedor.com.br\/novo\/wp-json\/wp\/v2\/posts\/318\/revisions"}],"predecessor-version":[{"id":358,"href":"https:\/\/gremiovencedor.com.br\/novo\/wp-json\/wp\/v2\/posts\/318\/revisions\/358"}],"wp:featuredmedia":[{"embeddable":true,"href":"https:\/\/gremiovencedor.com.br\/novo\/wp-json\/wp\/v2\/media\/319"}],"wp:attachment":[{"href":"https:\/\/gremiovencedor.com.br\/novo\/wp-json\/wp\/v2\/media?parent=318"}],"wp:term":[{"taxonomy":"category","embeddable":true,"href":"https:\/\/gremiovencedor.com.br\/novo\/wp-json\/wp\/v2\/categories?post=318"},{"taxonomy":"post_tag","embeddable":true,"href":"https:\/\/gremiovencedor.com.br\/novo\/wp-json\/wp\/v2\/tags?post=318"}],"curies":[{"name":"wp","href":"https:\/\/api.w.org\/{rel}","templated":true}]}}