{"id":322,"date":"2016-08-25T12:00:00","date_gmt":"2016-08-25T15:00:00","guid":{"rendered":"https:\/\/gremiovencedor.com.br\/novo\/?p=322"},"modified":"2026-07-30T13:08:34","modified_gmt":"2026-07-30T16:08:34","slug":"mgv-integra-chapa-gremio-para-eleicoes-do-conselho","status":"publish","type":"post","link":"https:\/\/gremiovencedor.com.br\/novo\/mgv-integra-chapa-gremio-para-eleicoes-do-conselho\/","title":{"rendered":"MGV integra Chapa +Gr\u00eamio para elei\u00e7\u00f5es do Conselho"},"content":{"rendered":"<p>O Movimento Gr\u00eamio Vencedor \u2013 MGV, de in\u00fameros servi\u00e7os prestados ao clube, avaliou com muito cuidado todas as op\u00e7\u00f5es de alian\u00e7as que se apresentaram para as elei\u00e7\u00f5es do Conselho Deliberativo, que ocorrem no dia 24 de setembro. Por ter a convic\u00e7\u00e3o de que o futebol deve ser a prioridade do Gr\u00eamio, optou por aliar-se aos movimentos pol\u00edticos que t\u00eam o mesmo pensamento. Ao lado de Gr\u00eamio Independente, Na\u00e7\u00e3o Tricolor, S\u00f3cios Livres, e Gr\u00eamio Novo, o MGV integra a Chapa +Gr\u00eamio, a qual busca um Conselho Deliberativo +ativo, +qualificado e +produtivo.\u00a0 \u00a0\u2013 A chapa marca a supera\u00e7\u00e3o de hist\u00f3ricas diverg\u00eancias entre dois grupos que sempre trabalharam para o Gr\u00eamio, mas\u00a0nunca estiveram juntos: o MGV e o Gr\u00eamio Independente. Temos o objetivo de qualificar o Conselho e levar para dentro dele a diversidade de opin\u00f5es, colaborando para que o Gr\u00eamio possa retomar a sua melhor \u00e9poca de conquistas. Quando se trata de cuidar do Gr\u00eamio, todas as diverg\u00eancias devem ser superadas \u2013 ressalta o conselheiro Renato Moreira.\u00a0 Entre as propostas da Chapa, a +Gr\u00eamio entende ser fundamental investir no crescimento do Quadro Social, independentemente da conclus\u00e3o da negocia\u00e7\u00e3o da Arena. Al\u00e9m da valoriza\u00e7\u00e3o dos s\u00f3cios, prop\u00f5e um tratamento diferenciado para gremistas do Interior e Exterior, a participa\u00e7\u00e3o mais ativa do Conselho Deliberativo na fiscaliza\u00e7\u00e3o e cobran\u00e7a da gest\u00e3o e um comprometimento maior dos candidatos ao CD. Para conhecer com detalhes as propostas da +Gr\u00eamio, convidamos todos os interessados a comparecerem no lan\u00e7amento oficial. O evento ser\u00e1 nesta sexta-feira, dia 26 de agosto, \u00e0s 19h30min, no audit\u00f3rio do Business Center \u2013 Av. Carlos Gomes, 222. \u00a0<\/p>\n","protected":false},"excerpt":{"rendered":"<p>O Movimento Gr\u00eamio Vencedor \u2013 MGV, de in\u00fameros servi\u00e7os prestados ao clube, avaliou com muito cuidado todas as op\u00e7\u00f5es de alian\u00e7as que se apresentaram para as elei\u00e7\u00f5es do Conselho Deliberativo, que ocorrem no dia 24 de setembro. Por ter a convic\u00e7\u00e3o de que o futebol deve ser a prioridade do Gr\u00eamio, optou por aliar-se aos [&hellip;]<\/p>\n","protected":false},"author":1,"featured_media":146,"comment_status":"closed","ping_status":"closed","sticky":false,"template":"","format":"standard","meta":{"_monsterinsights_skip_tracking":false,"footnotes":""},"categories":[16],"tags":[],"class_list":["post-322","post","type-post","status-publish","format-standard","has-post-thumbnail","hentry","category-noticias"],"_links":{"self":[{"href":"https:\/\/gremiovencedor.com.br\/novo\/wp-json\/wp\/v2\/posts\/322","targetHints":{"allow":["GET"]}}],"collection":[{"href":"https:\/\/gremiovencedor.com.br\/novo\/wp-json\/wp\/v2\/posts"}],"about":[{"href":"https:\/\/gremiovencedor.com.br\/novo\/wp-json\/wp\/v2\/types\/post"}],"author":[{"embeddable":true,"href":"https:\/\/gremiovencedor.com.br\/novo\/wp-json\/wp\/v2\/users\/1"}],"replies":[{"embeddable":true,"href":"https:\/\/gremiovencedor.com.br\/novo\/wp-json\/wp\/v2\/comments?post=322"}],"version-history":[{"count":1,"href":"https:\/\/gremiovencedor.com.br\/novo\/wp-json\/wp\/v2\/posts\/322\/revisions"}],"predecessor-version":[{"id":356,"href":"https:\/\/gremiovencedor.com.br\/novo\/wp-json\/wp\/v2\/posts\/322\/revisions\/356"}],"wp:featuredmedia":[{"embeddable":true,"href":"https:\/\/gremiovencedor.com.br\/novo\/wp-json\/wp\/v2\/media\/146"}],"wp:attachment":[{"href":"https:\/\/gremiovencedor.com.br\/novo\/wp-json\/wp\/v2\/media?parent=322"}],"wp:term":[{"taxonomy":"category","embeddable":true,"href":"https:\/\/gremiovencedor.com.br\/novo\/wp-json\/wp\/v2\/categories?post=322"},{"taxonomy":"post_tag","embeddable":true,"href":"https:\/\/gremiovencedor.com.br\/novo\/wp-json\/wp\/v2\/tags?post=322"}],"curies":[{"name":"wp","href":"https:\/\/api.w.org\/{rel}","templated":true}]}}