{"id":323,"date":"2016-08-26T12:00:00","date_gmt":"2016-08-26T15:00:00","guid":{"rendered":"https:\/\/gremiovencedor.com.br\/novo\/?p=323"},"modified":"2026-07-30T13:08:34","modified_gmt":"2026-07-30T16:08:34","slug":"chapa-gremio-tem-lancamento-oficial-nesta-sexta-feira","status":"publish","type":"post","link":"https:\/\/gremiovencedor.com.br\/novo\/chapa-gremio-tem-lancamento-oficial-nesta-sexta-feira\/","title":{"rendered":"Chapa +Gr\u00eamio tem lan\u00e7amento oficial nesta sexta-feira"},"content":{"rendered":"<p>Em busca de um Conselho Deliberativo +ativo, +qualificado e +produtivo, cinco movimentos pol\u00edticos do Gr\u00eamio se uniram para a elei\u00e7\u00e3o do dia 24 de setembro: Gr\u00eamio Vencedor, Gr\u00eamio Independente, Na\u00e7\u00e3o Tricolor, S\u00f3cios Livres e\u00a0Gr\u00eamio Novo. A Chapa +Gr\u00eamio tem por objetivo representar a renova\u00e7\u00e3o com qualidade do Conselho e a pacifica\u00e7\u00e3o pol\u00edtica em prol do Gr\u00eamio. Para conhecer com detalhes as propostas da +Gr\u00eamio convidamos a todos para o lan\u00e7amento oficial, que ocorre\u00a0nesta sexta-feira, dia 26 de agosto, \u00e0s 19h30min, no audit\u00f3rio do Business Center \u2013 Av. Carlos Gomes, 222. \u00a0<\/p>\n","protected":false},"excerpt":{"rendered":"<p>Em busca de um Conselho Deliberativo +ativo, +qualificado e +produtivo, cinco movimentos pol\u00edticos do Gr\u00eamio se uniram para a elei\u00e7\u00e3o do dia 24 de setembro: Gr\u00eamio Vencedor, Gr\u00eamio Independente, Na\u00e7\u00e3o Tricolor, S\u00f3cios Livres e\u00a0Gr\u00eamio Novo. A Chapa +Gr\u00eamio tem por objetivo representar a renova\u00e7\u00e3o com qualidade do Conselho e a pacifica\u00e7\u00e3o pol\u00edtica em prol do [&hellip;]<\/p>\n","protected":false},"author":1,"featured_media":324,"comment_status":"closed","ping_status":"closed","sticky":false,"template":"","format":"standard","meta":{"_monsterinsights_skip_tracking":false,"footnotes":""},"categories":[16],"tags":[],"class_list":["post-323","post","type-post","status-publish","format-standard","has-post-thumbnail","hentry","category-noticias"],"_links":{"self":[{"href":"https:\/\/gremiovencedor.com.br\/novo\/wp-json\/wp\/v2\/posts\/323","targetHints":{"allow":["GET"]}}],"collection":[{"href":"https:\/\/gremiovencedor.com.br\/novo\/wp-json\/wp\/v2\/posts"}],"about":[{"href":"https:\/\/gremiovencedor.com.br\/novo\/wp-json\/wp\/v2\/types\/post"}],"author":[{"embeddable":true,"href":"https:\/\/gremiovencedor.com.br\/novo\/wp-json\/wp\/v2\/users\/1"}],"replies":[{"embeddable":true,"href":"https:\/\/gremiovencedor.com.br\/novo\/wp-json\/wp\/v2\/comments?post=323"}],"version-history":[{"count":1,"href":"https:\/\/gremiovencedor.com.br\/novo\/wp-json\/wp\/v2\/posts\/323\/revisions"}],"predecessor-version":[{"id":355,"href":"https:\/\/gremiovencedor.com.br\/novo\/wp-json\/wp\/v2\/posts\/323\/revisions\/355"}],"wp:featuredmedia":[{"embeddable":true,"href":"https:\/\/gremiovencedor.com.br\/novo\/wp-json\/wp\/v2\/media\/324"}],"wp:attachment":[{"href":"https:\/\/gremiovencedor.com.br\/novo\/wp-json\/wp\/v2\/media?parent=323"}],"wp:term":[{"taxonomy":"category","embeddable":true,"href":"https:\/\/gremiovencedor.com.br\/novo\/wp-json\/wp\/v2\/categories?post=323"},{"taxonomy":"post_tag","embeddable":true,"href":"https:\/\/gremiovencedor.com.br\/novo\/wp-json\/wp\/v2\/tags?post=323"}],"curies":[{"name":"wp","href":"https:\/\/api.w.org\/{rel}","templated":true}]}}