{"id":327,"date":"2016-08-29T12:00:00","date_gmt":"2016-08-29T15:00:00","guid":{"rendered":"https:\/\/gremiovencedor.com.br\/novo\/?p=327"},"modified":"2026-07-30T13:08:34","modified_gmt":"2026-07-30T16:08:34","slug":"chapa-gremio-lanca-oficialmente-candidatura-para-eleicoes-do-conselho","status":"publish","type":"post","link":"https:\/\/gremiovencedor.com.br\/novo\/chapa-gremio-lanca-oficialmente-candidatura-para-eleicoes-do-conselho\/","title":{"rendered":"Chapa +Gr\u00eamio lan\u00e7a oficialmente candidatura para elei\u00e7\u00f5es do Conselho"},"content":{"rendered":"<p>Na \u00faltima sexta-feira (26\/8) ocorreu o lan\u00e7amento oficial da Chapa +Gr\u00eamio, composta por cinco movimentos pol\u00edticos do clube: Gr\u00eamio Independente, Na\u00e7\u00e3o Tricolor, S\u00f3cios Livres, Gr\u00eamio Novo e Gr\u00eamio Vencedor. O audit\u00f3rio do Business Center, em Porto Alegre, esteve lotado de gremistas para conhecer as propostas da Chapa, que concorrer\u00e1 \u00e0s elei\u00e7\u00f5es do Conselho Deliberativo do Gr\u00eamio, no dia 24 de setembro. O evento contou com a presen\u00e7a ilustre do \u00eddolo gremista, Mazaropi. Convidado a comparecer no lan\u00e7amento, o ex-goleiro, campe\u00e3o mundial com o Tricolor em 1983, fez um discurso emocionado falando do seu amor pelo Gr\u00eamio e do papel de destaque que os conselheiros devem ocupar para colaborar com o sucesso de um clube. Logo ap\u00f3s a fala de Mazaropi, duas lideran\u00e7as da Chapa, Ant\u00f4nio Vicente Martins e Renato Moreira, que j\u00e1 ocuparam o cargo de vice-presidente de futebol, explanaram as propostas da +Gr\u00eamio, destacando o futebol como prioridade do Grupo para a retomada dos t\u00edtulos. Coube ao conselheiro Pierre Gon\u00e7alves fazer o discurso de mobiliza\u00e7\u00e3o. Ele refor\u00e7ou a import\u00e2ncia de se eleger pessoas que realmente se comprometam com a vida pol\u00edtica do clube, n\u00e3o s\u00f3 comparecendo \u00e0s reuni\u00f5es do Conselho, mas participando ativamente da fiscaliza\u00e7\u00e3o da gest\u00e3o. Ao final, diversos integrantes da Chapa tiveram a oportunidade de se manifestar e, entre eles, Homero Bellini J\u00fanior e Airton Ruschel fizeram o uso da palavra. A mesa do evento foi composta por um representante de cada Movimento: Alexandre Bugin, do Gr\u00eamio Independente; Irno Bordignon, do Na\u00e7\u00e3o Tricolor; Pierre Gon\u00e7alves, do S\u00f3cios Livres; Fl\u00e1vio Vasconcellos, do Gr\u00eamio Novo e Renato Munhoz, do Gr\u00eamio Vencedor. \u00a0 Para conhecer as propostas da +Gr\u00eamio acesse o site: www.maisgremio.net \u00a0<\/p>\n","protected":false},"excerpt":{"rendered":"<p>Na \u00faltima sexta-feira (26\/8) ocorreu o lan\u00e7amento oficial da Chapa +Gr\u00eamio, composta por cinco movimentos pol\u00edticos do clube: Gr\u00eamio Independente, Na\u00e7\u00e3o Tricolor, S\u00f3cios Livres, Gr\u00eamio Novo e Gr\u00eamio Vencedor. O audit\u00f3rio do Business Center, em Porto Alegre, esteve lotado de gremistas para conhecer as propostas da Chapa, que concorrer\u00e1 \u00e0s elei\u00e7\u00f5es do Conselho Deliberativo do [&hellip;]<\/p>\n","protected":false},"author":1,"featured_media":328,"comment_status":"closed","ping_status":"closed","sticky":false,"template":"","format":"standard","meta":{"_monsterinsights_skip_tracking":false,"footnotes":""},"categories":[16],"tags":[],"class_list":["post-327","post","type-post","status-publish","format-standard","has-post-thumbnail","hentry","category-noticias"],"_links":{"self":[{"href":"https:\/\/gremiovencedor.com.br\/novo\/wp-json\/wp\/v2\/posts\/327","targetHints":{"allow":["GET"]}}],"collection":[{"href":"https:\/\/gremiovencedor.com.br\/novo\/wp-json\/wp\/v2\/posts"}],"about":[{"href":"https:\/\/gremiovencedor.com.br\/novo\/wp-json\/wp\/v2\/types\/post"}],"author":[{"embeddable":true,"href":"https:\/\/gremiovencedor.com.br\/novo\/wp-json\/wp\/v2\/users\/1"}],"replies":[{"embeddable":true,"href":"https:\/\/gremiovencedor.com.br\/novo\/wp-json\/wp\/v2\/comments?post=327"}],"version-history":[{"count":1,"href":"https:\/\/gremiovencedor.com.br\/novo\/wp-json\/wp\/v2\/posts\/327\/revisions"}],"predecessor-version":[{"id":353,"href":"https:\/\/gremiovencedor.com.br\/novo\/wp-json\/wp\/v2\/posts\/327\/revisions\/353"}],"wp:featuredmedia":[{"embeddable":true,"href":"https:\/\/gremiovencedor.com.br\/novo\/wp-json\/wp\/v2\/media\/328"}],"wp:attachment":[{"href":"https:\/\/gremiovencedor.com.br\/novo\/wp-json\/wp\/v2\/media?parent=327"}],"wp:term":[{"taxonomy":"category","embeddable":true,"href":"https:\/\/gremiovencedor.com.br\/novo\/wp-json\/wp\/v2\/categories?post=327"},{"taxonomy":"post_tag","embeddable":true,"href":"https:\/\/gremiovencedor.com.br\/novo\/wp-json\/wp\/v2\/tags?post=327"}],"curies":[{"name":"wp","href":"https:\/\/api.w.org\/{rel}","templated":true}]}}