{"id":329,"date":"2016-09-05T12:00:00","date_gmt":"2016-09-05T15:00:00","guid":{"rendered":"https:\/\/gremiovencedor.com.br\/novo\/?p=329"},"modified":"2026-07-30T13:08:35","modified_gmt":"2026-07-30T16:08:35","slug":"mgv-define-nominata-para-as-eleicoes-do-conselho","status":"publish","type":"post","link":"https:\/\/gremiovencedor.com.br\/novo\/mgv-define-nominata-para-as-eleicoes-do-conselho\/","title":{"rendered":"MGV define nominata para as elei\u00e7\u00f5es do Conselho"},"content":{"rendered":"<p>O Movimento Gr\u00eamio Vencedor \u2013 MGV esteve reunido novamente nesta segunda-feira (5) para tratar das elei\u00e7\u00f5es do Conselho Deliberativo do Gr\u00eamio. O pleito ocorre no dia 24 de setembro e ser\u00e3o escolhidos 150 membros efetivos e 30 suplentes, que trabalhar\u00e3o pelo clube at\u00e9 2022.\u00a0 O conselheiro Renato Moreira iniciou o encontro explicando como foi elaborada a nominata do MGV, que integra a Chapa +Gr\u00eamio. A lista final ser\u00e1 divulgada ap\u00f3s a inscri\u00e7\u00e3o da Chapa, na sexta-feira, dia 9.\u00a0 Ao final, os coordenadores do Movimento, Maur\u00edcio Pedrassani, Renato Munhoz e Thiago Brunetto, repassaram aos demais integrantes o calend\u00e1rio de atividades da +Gr\u00eamio. Foi ressaltado ainda que a habilita\u00e7\u00e3o do voto via internet poder\u00e1 ser feita somente at\u00e9 esta quinta-feira, dia 8 de setembro, e da import\u00e2ncia de alertar a todos os associados sobre esta data.\u00a0 Como ser\u00e1 o processo eleitoral As elei\u00e7\u00f5es para o Conselho Deliberativo do Gr\u00eamio acontecer\u00e3o dia 24 de setembro, das 10h \u00e0s 17h, na Arena do Gr\u00eamio \u2013 Port\u00e3o A. A vota\u00e7\u00e3o via internet se dar\u00e1 com a participa\u00e7\u00e3o e os mecanismos de seguran\u00e7a da PROCERGS, pelo site www.gremioeleicoes2016.com.br Estar\u00e3o aptos a votar os s\u00f3cios maiores de 16 anos (at\u00e9 o dia das elei\u00e7\u00f5es), pertencentes ao Quadro Social h\u00e1 mais de 2 anos ininterruptos e com pagamentos em dia at\u00e9 31 de julho de 2016. O s\u00f3cio deve estar com o cadastro atualizado no Quadro Social. A atualiza\u00e7\u00e3o pode ser feita mediante login no site socio.gremio.net ou atrav\u00e9s da Central de Atendimento na Arena do Gr\u00eamio. \u00a0<\/p>\n","protected":false},"excerpt":{"rendered":"<p>O Movimento Gr\u00eamio Vencedor \u2013 MGV esteve reunido novamente nesta segunda-feira (5) para tratar das elei\u00e7\u00f5es do Conselho Deliberativo do Gr\u00eamio. O pleito ocorre no dia 24 de setembro e ser\u00e3o escolhidos 150 membros efetivos e 30 suplentes, que trabalhar\u00e3o pelo clube at\u00e9 2022.\u00a0 O conselheiro Renato Moreira iniciou o encontro explicando como foi elaborada [&hellip;]<\/p>\n","protected":false},"author":1,"featured_media":330,"comment_status":"closed","ping_status":"closed","sticky":false,"template":"","format":"standard","meta":{"_monsterinsights_skip_tracking":false,"footnotes":""},"categories":[16],"tags":[],"class_list":["post-329","post","type-post","status-publish","format-standard","has-post-thumbnail","hentry","category-noticias"],"_links":{"self":[{"href":"https:\/\/gremiovencedor.com.br\/novo\/wp-json\/wp\/v2\/posts\/329","targetHints":{"allow":["GET"]}}],"collection":[{"href":"https:\/\/gremiovencedor.com.br\/novo\/wp-json\/wp\/v2\/posts"}],"about":[{"href":"https:\/\/gremiovencedor.com.br\/novo\/wp-json\/wp\/v2\/types\/post"}],"author":[{"embeddable":true,"href":"https:\/\/gremiovencedor.com.br\/novo\/wp-json\/wp\/v2\/users\/1"}],"replies":[{"embeddable":true,"href":"https:\/\/gremiovencedor.com.br\/novo\/wp-json\/wp\/v2\/comments?post=329"}],"version-history":[{"count":1,"href":"https:\/\/gremiovencedor.com.br\/novo\/wp-json\/wp\/v2\/posts\/329\/revisions"}],"predecessor-version":[{"id":352,"href":"https:\/\/gremiovencedor.com.br\/novo\/wp-json\/wp\/v2\/posts\/329\/revisions\/352"}],"wp:featuredmedia":[{"embeddable":true,"href":"https:\/\/gremiovencedor.com.br\/novo\/wp-json\/wp\/v2\/media\/330"}],"wp:attachment":[{"href":"https:\/\/gremiovencedor.com.br\/novo\/wp-json\/wp\/v2\/media?parent=329"}],"wp:term":[{"taxonomy":"category","embeddable":true,"href":"https:\/\/gremiovencedor.com.br\/novo\/wp-json\/wp\/v2\/categories?post=329"},{"taxonomy":"post_tag","embeddable":true,"href":"https:\/\/gremiovencedor.com.br\/novo\/wp-json\/wp\/v2\/tags?post=329"}],"curies":[{"name":"wp","href":"https:\/\/api.w.org\/{rel}","templated":true}]}}