{"id":333,"date":"2016-09-09T12:00:00","date_gmt":"2016-09-09T15:00:00","guid":{"rendered":"https:\/\/gremiovencedor.com.br\/novo\/?p=333"},"modified":"2026-07-30T13:08:35","modified_gmt":"2026-07-30T16:08:35","slug":"chapa-gremio-e-inscrita-oficialmente-para-as-eleicoes-do-conselho","status":"publish","type":"post","link":"https:\/\/gremiovencedor.com.br\/novo\/chapa-gremio-e-inscrita-oficialmente-para-as-eleicoes-do-conselho\/","title":{"rendered":"Chapa +Gr\u00eamio \u00e9 inscrita oficialmente para as elei\u00e7\u00f5es do Conselho"},"content":{"rendered":"<p>A Chapa +Gr\u00eamio homologou nesta sexta-feira (9) sua inscri\u00e7\u00e3o \u00e0s elei\u00e7\u00f5es do Conselho Deliberativo, que ocorrem no dia 24 de setembro. Integrantes dos cinco Movimentos que comp\u00f5em a Chapa \u2013 Gr\u00eamio Independente, Na\u00e7\u00e3o Tricolor, S\u00f3cios Livres, Gr\u00eamio Novo e Gr\u00eamio Vencedor \u2013 estiveram no final da tarde na Arena para o registro oficial da candidatura. No pleito ser\u00e3o escolhidos 150 membros efetivos e 30 suplentes, que trabalhar\u00e3o pelo clube at\u00e9 2022. Coube ao coordenador do MGV, Thiago Brunetto, fazer a entrega da nominata. \u2013 Este momento \u00e9 muito importante na hist\u00f3ria dos cinco movimentos que est\u00e3o juntos na Chapa +Gr\u00eamio. E temos convic\u00e7\u00e3o que as nossas propostas s\u00e3o de grande relev\u00e2ncia para o engrandecimento do nosso Gr\u00eamio Foot-Ball Portoalegrense \u2013 destaca um dos coordenadores, Alexandre Bugin. \u00a0<\/p>\n","protected":false},"excerpt":{"rendered":"<p>A Chapa +Gr\u00eamio homologou nesta sexta-feira (9) sua inscri\u00e7\u00e3o \u00e0s elei\u00e7\u00f5es do Conselho Deliberativo, que ocorrem no dia 24 de setembro. Integrantes dos cinco Movimentos que comp\u00f5em a Chapa \u2013 Gr\u00eamio Independente, Na\u00e7\u00e3o Tricolor, S\u00f3cios Livres, Gr\u00eamio Novo e Gr\u00eamio Vencedor \u2013 estiveram no final da tarde na Arena para o registro oficial da candidatura. [&hellip;]<\/p>\n","protected":false},"author":1,"featured_media":334,"comment_status":"closed","ping_status":"closed","sticky":false,"template":"","format":"standard","meta":{"_monsterinsights_skip_tracking":false,"footnotes":""},"categories":[16],"tags":[],"class_list":["post-333","post","type-post","status-publish","format-standard","has-post-thumbnail","hentry","category-noticias"],"_links":{"self":[{"href":"https:\/\/gremiovencedor.com.br\/novo\/wp-json\/wp\/v2\/posts\/333","targetHints":{"allow":["GET"]}}],"collection":[{"href":"https:\/\/gremiovencedor.com.br\/novo\/wp-json\/wp\/v2\/posts"}],"about":[{"href":"https:\/\/gremiovencedor.com.br\/novo\/wp-json\/wp\/v2\/types\/post"}],"author":[{"embeddable":true,"href":"https:\/\/gremiovencedor.com.br\/novo\/wp-json\/wp\/v2\/users\/1"}],"replies":[{"embeddable":true,"href":"https:\/\/gremiovencedor.com.br\/novo\/wp-json\/wp\/v2\/comments?post=333"}],"version-history":[{"count":1,"href":"https:\/\/gremiovencedor.com.br\/novo\/wp-json\/wp\/v2\/posts\/333\/revisions"}],"predecessor-version":[{"id":350,"href":"https:\/\/gremiovencedor.com.br\/novo\/wp-json\/wp\/v2\/posts\/333\/revisions\/350"}],"wp:featuredmedia":[{"embeddable":true,"href":"https:\/\/gremiovencedor.com.br\/novo\/wp-json\/wp\/v2\/media\/334"}],"wp:attachment":[{"href":"https:\/\/gremiovencedor.com.br\/novo\/wp-json\/wp\/v2\/media?parent=333"}],"wp:term":[{"taxonomy":"category","embeddable":true,"href":"https:\/\/gremiovencedor.com.br\/novo\/wp-json\/wp\/v2\/categories?post=333"},{"taxonomy":"post_tag","embeddable":true,"href":"https:\/\/gremiovencedor.com.br\/novo\/wp-json\/wp\/v2\/tags?post=333"}],"curies":[{"name":"wp","href":"https:\/\/api.w.org\/{rel}","templated":true}]}}