{"id":335,"date":"2016-09-09T12:00:00","date_gmt":"2016-09-09T15:00:00","guid":{"rendered":"https:\/\/gremiovencedor.com.br\/novo\/?p=335"},"modified":"2026-07-30T13:08:36","modified_gmt":"2026-07-30T16:08:36","slug":"confira-a-nominata-oficial-da-chapa-gremio","status":"publish","type":"post","link":"https:\/\/gremiovencedor.com.br\/novo\/confira-a-nominata-oficial-da-chapa-gremio\/","title":{"rendered":"Confira a nominata oficial da Chapa +Gr\u00eamio"},"content":{"rendered":"<p>\u00a0 Ap\u00f3s ter sido feito o registro oficial na tarde desta sexta-feira (9), a Chapa +Gr\u00eamio divulga sua respectiva nominata para as elei\u00e7\u00f5es do Conselho Deliberativo, que ocorrem no dia 24 de setembro. A lista \u00e9 composta por nomes dos cinco Movimentos Pol\u00edticos que integram a Chapa: Gr\u00eamio Independente, Na\u00e7\u00e3o Tricolor, S\u00f3cios Livres, Gr\u00eamio Novo e Gr\u00eamio Vencedor. \u00a0 \u00a0 \u00a0 \u00a0 \u00a0 \u00a0 Nominata titular \u2013 150 membros 1.\u00a0\u00a0 \u00a0ANT\u00d4NIO VICENTE DA FONTOURA MARTINS 2.\u00a0\u00a0 \u00a0JO\u00c3O BATISTA COSTA SARAIVA 3.\u00a0\u00a0 \u00a0PIERRE GON\u00c7ALVES 4.\u00a0\u00a0 \u00a0RODRIGO ANDRADE KARAN 5.\u00a0\u00a0 \u00a0JORGE LUIZ RAMOS BRENDEL 6.\u00a0\u00a0 \u00a0ANT\u00d4NIO CARLOS SCHAMANN MAINERI 7.\u00a0\u00a0 \u00a0MARCELO DUARTE BICCA 8.\u00a0\u00a0 \u00a0CLAUDIO ROBERTO DE MORAIS GARC\u00caZ 9.\u00a0\u00a0 \u00a0JUAREZ SOUZA AIQUEL 10.\u00a0\u00a0 \u00a0EDUARDO COZZA MAGRISSO 11.\u00a0\u00a0 \u00a0GABRIEL BUFFE DE MELLO 12.\u00a0\u00a0 \u00a0MARCO AUR\u00c9LIO MELLO MOREIRA 13.\u00a0\u00a0 \u00a0ANTONIO FRIZZO 14.\u00a0\u00a0 \u00a0CRISTIANO MACHADO COSTA 15.\u00a0\u00a0 \u00a0CARLOS VALDIR KOCHHANN 16.\u00a0\u00a0 \u00a0ALEXANDRE BUGIN 17.\u00a0\u00a0 \u00a0FL\u00c1VIO RIBEIRO DE VASCONCELLOS 18.\u00a0\u00a0 \u00a0SERGIO SANT&#8217;ANNA PEGORARO 19.\u00a0\u00a0 \u00a0JOS\u00c9 CARLOS CORREA DUARTE 20.\u00a0\u00a0 \u00a0ALMIR PORTO DA ROCHA FILHO 21.\u00a0\u00a0 \u00a0MILTON CAETANO PEREIRA DE MELLO 22.\u00a0\u00a0 \u00a0CARLOS CEZAR MODERNEL LENUZZA 23.\u00a0\u00a0 \u00a0VALDECIR DE MORAES LAUS 24.\u00a0\u00a0 \u00a0LEANDRO VIDAL NOGUEIRA 25.\u00a0\u00a0 \u00a0JOEL JUNIOR MACHADO CORREA 26.\u00a0\u00a0 \u00a0CRISTIAN JANDREY BORGES 27.\u00a0\u00a0 \u00a0ANDRE HEINECK KRUSE 28.\u00a0\u00a0 \u00a0DONATO LUIZ HUBNER 29.\u00a0\u00a0 \u00a0SANDRO SCHLEDER 30.\u00a0\u00a0 \u00a0FABIO SILVA MACHADO 31.\u00a0\u00a0 \u00a0JEFERSON THOMAS 32.\u00a0\u00a0 \u00a0DARCI ANTONIO CORBELLINI 33.\u00a0\u00a0 \u00a0ROBERTO L\u00cdRIO PAZ 34.\u00a0\u00a0 \u00a0ANSELMO DUARTE DA SILVA 35.\u00a0\u00a0 \u00a0ANTONIO PORFIRIO DE ARA\u00daJO COSTA 36.\u00a0\u00a0 \u00a0MARCELO CABRAL DE AZAMBUJA 37.\u00a0\u00a0 \u00a0CARLOS CASSES PRESSER 38.\u00a0\u00a0 \u00a0PAULO FERNANDO AIROLDI 39.\u00a0\u00a0 \u00a0LUCAS THADEU ORIHUELA DA LUZ 40.\u00a0\u00a0 \u00a0DAVID PEREIRA GARCIA J\u00daNIOR 41.\u00a0\u00a0 \u00a0EDIR COMASSETTO 42.\u00a0\u00a0 \u00a0ROGERIO GAVILLON CARNOS 43.\u00a0\u00a0 \u00a0NILSON ROBERTO SCHWEGBER 44.\u00a0\u00a0 \u00a0DANIEL ARAUJO KARA 45.\u00a0\u00a0 \u00a0NILTON C\u00c9SAR DA SILVA LIMA 46.\u00a0\u00a0 \u00a0LUCIANO DA SILVA M\u00dcLLER 47.\u00a0\u00a0 \u00a0PAULO AUGUSTO OLIVEIRA IRION 48.\u00a0\u00a0 \u00a0RAFAEL PINHEIRO MACHADO BUCHABQUI 49.\u00a0\u00a0 \u00a0J\u00c9FERSON DANIEL DE MATOS 50.\u00a0\u00a0 \u00a0GUILHERME PINHO MACHADO 51.\u00a0\u00a0 \u00a0PAULO C\u00c9SAR SOARES TIMM 52.\u00a0\u00a0 \u00a0PAULO ROBERTO DA SILVA PINTO 53.\u00a0\u00a0 \u00a0DANIEL BERTUOL TRENTINI 54.\u00a0\u00a0 \u00a0DANILO GARCIA MARTINS 55.\u00a0\u00a0 \u00a0DANIEL LUIZ PAGLIARINI CASELANI 56.\u00a0\u00a0 \u00a0JO\u00c3O ALFREDO KEHL SPIER 57.\u00a0\u00a0 \u00a0JULIANO STUMPF FLECK 58.\u00a0\u00a0 \u00a0ALTAIR DE LEMOS JUNIOR 59.\u00a0\u00a0 \u00a0ADELAR SIGMAR KLEINERT JUNIOR 60.\u00a0\u00a0 \u00a0ALFREDINHO BACATINI 61.\u00a0\u00a0 \u00a0JOSUE VANIUS HOEWELL 62.\u00a0\u00a0 \u00a0CLAUDIO MITCHELL NEIS 63.\u00a0\u00a0 \u00a0LUCIANO JAC\u00d3 SEIBEL 64.\u00a0\u00a0 \u00a0ALEX TOMAZZETTI MELO 65.\u00a0\u00a0 \u00a0VINICIUS KLEIN BONDAN 66.\u00a0\u00a0 \u00a0EVERSON SOBRAL RIBAS DA ROCHA 67.\u00a0\u00a0 \u00a0JO\u00c3O SIMIONI 68.\u00a0\u00a0 \u00a0ANDERSON OLIVEIRA FORTE 69.\u00a0\u00a0 \u00a0RODRIGO DE BEM PACHECO 70.\u00a0\u00a0 \u00a0AUGUSTO DE SOUZA ALVES 71.\u00a0\u00a0 \u00a0MAURO FETT SPARTA DE SOUZA 72.\u00a0\u00a0 \u00a0RAFAEL JOSTMEIER VALLANDRO 73.\u00a0\u00a0 \u00a0DOUGLAS BERSCH 74.\u00a0\u00a0 \u00a0IRNO BORDIGNON 75.\u00a0\u00a0 \u00a0LUIS RODOLFO HENNIGEN GUEDES 76.\u00a0\u00a0 \u00a0RICARDO VOGT DE OLIVEIRA 77.\u00a0\u00a0 \u00a0WAGNER ADRIANO DA SILVA JULIANO 78.\u00a0\u00a0 \u00a0LU\u00cdS FELIPE RYPL 79.\u00a0\u00a0 \u00a0FELIPE CAMARDELLI 80.\u00a0\u00a0 \u00a0ROSSANO PIRES DE MORAES 81.\u00a0\u00a0 \u00a0EVANDRO RAMOS SOARES 82.\u00a0\u00a0 \u00a0ELIZABETH PEDROSA RIBEIRO 83.\u00a0\u00a0 \u00a0ELI DA SILVA KILIAN 84.\u00a0\u00a0 \u00a0RAMIRO CROCHEMORE CASTRO 85.\u00a0\u00a0 \u00a0EDELVIRA ESPINOSA FRITZEN 86.\u00a0\u00a0 \u00a0BRUNO BARBOSA IBARGOYEN 87.\u00a0\u00a0 \u00a0GUSTAVO DE MARSILLAC PE\u00d1A 88.\u00a0\u00a0 \u00a0MARIO AUGUSTO ATHAYDE PORTELLA 89.\u00a0\u00a0 \u00a0ESTELVIO SCHUNCK 90.\u00a0\u00a0 \u00a0DANIEL STEIN FOLLMANN 91.\u00a0\u00a0 \u00a0PAULO SARAIVA DE MELLO 92.\u00a0\u00a0 \u00a0JOS\u00c9 LU\u00cdS SCHIFINO FERRARO 93.\u00a0\u00a0 \u00a0F\u00c1BIO AUGUSTO TOSCANI ANDRETTA 94.\u00a0\u00a0 \u00a0BRUNO SARAIVA FERREIRA E SILVA 95.\u00a0\u00a0 \u00a0AFONSO SARAIVA DE MORAES 96.\u00a0\u00a0 \u00a0FABIANO LIMA DE MORAIS 97.\u00a0\u00a0 \u00a0MARCIO MOSSMANN 98.\u00a0\u00a0 \u00a0SANDRA MARIA CANCELLA BACK 99.\u00a0\u00a0 \u00a0PAULO CAUHY PETRY 100.\u00a0\u00a0 \u00a0ERNANI RAFAEL ACKER 101.\u00a0\u00a0 \u00a0PLINIO CASTANHO DUTRA 102.\u00a0\u00a0 \u00a0ALCEU LAZZARETTI 103.\u00a0\u00a0 \u00a0MAURICIO SOARES BOHRER 104.\u00a0\u00a0 \u00a0CLOVIS ALBERTO BESTETTI 105.\u00a0\u00a0 \u00a0SERGIO ODILON DO NASCIMENTO JUNIOR 106.\u00a0\u00a0 \u00a0CLAYTON LUIZ CASTRO SCHULTZ 107.\u00a0\u00a0 \u00a0RAFAEL DIAS PUERTA 108.\u00a0\u00a0 \u00a0JO\u00c3O CARLOS MALHEIROS CUNHA 109.\u00a0\u00a0 \u00a0HUMBERTO PEREIRA XAVIER DA SILVA 110.\u00a0\u00a0 \u00a0THOMAS HECK MUNHOZ 111.\u00a0\u00a0 \u00a0SILVIO LUIZ KUNZLER 112.\u00a0\u00a0 \u00a0DANIEL GOULART DA SILVA 113.\u00a0\u00a0 \u00a0JOS\u00c9 GUILARDI FILHO 114.\u00a0\u00a0 \u00a0RICARDO SANTOS GOMES 115.\u00a0\u00a0 \u00a0PAULO JAIR COSTA CAMPANA 116.\u00a0\u00a0 \u00a0GUNTHER GARTNER 117.\u00a0\u00a0 \u00a0RUI ANTONIO RODRIGUES LEITE 118.\u00a0\u00a0 \u00a0ERIK PERSSON 119.\u00a0\u00a0 \u00a0ARMANDO CANTARELLI ALVES 120.\u00a0\u00a0 \u00a0LUIS HENRIQUE OLTRAMARI 121.\u00a0\u00a0 \u00a0PLAUTO RIGO 122.\u00a0\u00a0 \u00a0MARCELO CARDOSO BRAGA 123.\u00a0\u00a0 \u00a0RAMIRO ZILLES GON\u00c7ALVES 124.\u00a0\u00a0 \u00a0MOACIR JOS\u00c9 GRIPPA 125.\u00a0\u00a0 \u00a0MAUR\u00cdCIO INDRUSIAK PEREIRA\u00a0 126.\u00a0\u00a0 \u00a0VALDAIR GUILARDI PACHECO 127.\u00a0\u00a0 \u00a0ARNALDO DORNELLES AMARAL 128.\u00a0\u00a0 \u00a0ALESSANDRA WAGNER SILVA 129.\u00a0\u00a0 \u00a0EDUARDO BIEDERMANN 130.\u00a0\u00a0 \u00a0ABRAH\u00c3O ASSEIN ARUS NETO 131.\u00a0\u00a0 \u00a0LUIZ CARLOS VI\u00d1A BICCA 132.\u00a0\u00a0 \u00a0CLAIR AZZOLINI 133.\u00a0\u00a0 \u00a0MICHAEL MOISES TATSCH DA SILVA 134.\u00a0\u00a0 \u00a0LUIS ALBERTO ZAGO LOPES 135.\u00a0\u00a0 \u00a0JORGE LEANDRO LUNKES 136.\u00a0\u00a0 \u00a0DANIEL ALBERTO LEMMERTZ 137.\u00a0\u00a0 \u00a0ADAIR FERRARI 138.\u00a0\u00a0 \u00a0JO\u00c3O CARLOS BICCA 139.\u00a0\u00a0 \u00a0F\u00c1BIO SEADI LIPP 140.\u00a0\u00a0 \u00a0FABIO MATEI 141.\u00a0\u00a0 \u00a0FABIANO LEAL MACHADO DA ROSA \u00a0 \u00a0 \u00a0 \u00a0 \u00a0 \u00a0 \u00a0 \u00a0 \u00a0 \u00a0 \u00a0 \u00a0 \u00a0 \u00a0 \u00a0 \u00a0 \u00a0 \u00a0 \u00a0 \u00a0 \u00a0\u00a0 142.\u00a0\u00a0 \u00a0JUAREZ MENEGHETTI 143.\u00a0\u00a0 \u00a0GERSON ANTONIO PAVINATO 144.\u00a0\u00a0 \u00a0ANDR\u00c9 VAN DER LAAN 145.\u00a0\u00a0 \u00a0FRANCISCO JOSE MARRAMARCO 146.\u00a0\u00a0 \u00a0VILMAR SMIDERLE 147.\u00a0\u00a0 \u00a0DOUGLAS POHLMANN VELASQUEZ 148.\u00a0\u00a0 \u00a0PAULO ARMANDO BORN 149.\u00a0\u00a0 \u00a0MAURICIO RODRIGUES DE CASTRO 150.\u00a0\u00a0 \u00a0ARTHUR DAY TAYLOR \u00a0 Nominata suplente \u2013 30 membros 151.\u00a0\u00a0 \u00a0GABRIEL PRUJA COSTA 152.\u00a0\u00a0 \u00a0NELSON GOMES RAMALHO 153.\u00a0\u00a0 \u00a0GUILHERME MILANI SIM\u00d5ES\u00a0 154.\u00a0\u00a0 \u00a0MARCIA MILANI SIM\u00d5ES 155.\u00a0\u00a0 \u00a0JOAO BATISTA MEZZOMO 156.\u00a0\u00a0 \u00a0JACOB MILMAN 157.\u00a0\u00a0 \u00a0GUSTAVO BAPTISTA EBOLI 158.\u00a0\u00a0 \u00a0JOS\u00c9 IRINEU DA SILVA CASSEL 159.\u00a0\u00a0 \u00a0DEMIAN DINIZ DA COSTA 160.\u00a0\u00a0 \u00a0AIRTON FULBER 161.\u00a0\u00a0 \u00a0GUSTAVO PY DE PINTO GOMES 162.\u00a0\u00a0 \u00a0LEONARDO GUIMAR\u00c3ES SILVA 163.\u00a0\u00a0 \u00a0MAUR\u00cdCIO MARQUES SBEGHEN 164.\u00a0\u00a0 \u00a0ALCEU BORGES BEHENCK 165.\u00a0\u00a0 \u00a0CLAUDIO LUIS SENO GUARNIERI\u00a0 166.\u00a0\u00a0 \u00a0FABIANO MARIA DA SILVA 167.\u00a0\u00a0 \u00a0M\u00c1RCIO JOS\u00c9 DE SOUZA PADIM 168.\u00a0\u00a0 \u00a0JOSE HERACLIDES SILVA 169.\u00a0\u00a0 \u00a0DANIEL RICARDO DE LIMA 170.\u00a0\u00a0 \u00a0ADRIANO ALEXANDRE SNEL SCHERER 171.\u00a0\u00a0 \u00a0ROBERTO BRASIL BALLEJO 172.\u00a0\u00a0 \u00a0LAERTE JESSE GLOGUER FLORES J\u00daNIOR 173.\u00a0\u00a0 \u00a0VIVIANE SOBRAL RIBAS DA ROCHA 174.\u00a0\u00a0 \u00a0JOSE LUIS QUADROS 175.\u00a0\u00a0 \u00a0MARIO LUIZ BALDASSO 176.\u00a0\u00a0 \u00a0RAFAEL KUNST 177.\u00a0\u00a0 \u00a0RAFAEL JAPUR 178.\u00a0\u00a0 \u00a0LAURY JOSE CORBELLINI 179.\u00a0\u00a0 \u00a0RODRIGO LAZZAROTTO 180.\u00a0\u00a0 \u00a0DARCI BARNECH CAMPANI \u00a0<\/p>\n","protected":false},"excerpt":{"rendered":"<p>\u00a0 Ap\u00f3s ter sido feito o registro oficial na tarde desta sexta-feira (9), a Chapa +Gr\u00eamio divulga sua respectiva nominata para as elei\u00e7\u00f5es do Conselho Deliberativo, que ocorrem no dia 24 de setembro. A lista \u00e9 composta por nomes dos cinco Movimentos Pol\u00edticos que integram a Chapa: Gr\u00eamio Independente, Na\u00e7\u00e3o Tricolor, S\u00f3cios Livres, Gr\u00eamio Novo [&hellip;]<\/p>\n","protected":false},"author":1,"featured_media":336,"comment_status":"closed","ping_status":"closed","sticky":false,"template":"","format":"standard","meta":{"_monsterinsights_skip_tracking":false,"footnotes":""},"categories":[16],"tags":[],"class_list":["post-335","post","type-post","status-publish","format-standard","has-post-thumbnail","hentry","category-noticias"],"_links":{"self":[{"href":"https:\/\/gremiovencedor.com.br\/novo\/wp-json\/wp\/v2\/posts\/335","targetHints":{"allow":["GET"]}}],"collection":[{"href":"https:\/\/gremiovencedor.com.br\/novo\/wp-json\/wp\/v2\/posts"}],"about":[{"href":"https:\/\/gremiovencedor.com.br\/novo\/wp-json\/wp\/v2\/types\/post"}],"author":[{"embeddable":true,"href":"https:\/\/gremiovencedor.com.br\/novo\/wp-json\/wp\/v2\/users\/1"}],"replies":[{"embeddable":true,"href":"https:\/\/gremiovencedor.com.br\/novo\/wp-json\/wp\/v2\/comments?post=335"}],"version-history":[{"count":1,"href":"https:\/\/gremiovencedor.com.br\/novo\/wp-json\/wp\/v2\/posts\/335\/revisions"}],"predecessor-version":[{"id":349,"href":"https:\/\/gremiovencedor.com.br\/novo\/wp-json\/wp\/v2\/posts\/335\/revisions\/349"}],"wp:featuredmedia":[{"embeddable":true,"href":"https:\/\/gremiovencedor.com.br\/novo\/wp-json\/wp\/v2\/media\/336"}],"wp:attachment":[{"href":"https:\/\/gremiovencedor.com.br\/novo\/wp-json\/wp\/v2\/media?parent=335"}],"wp:term":[{"taxonomy":"category","embeddable":true,"href":"https:\/\/gremiovencedor.com.br\/novo\/wp-json\/wp\/v2\/categories?post=335"},{"taxonomy":"post_tag","embeddable":true,"href":"https:\/\/gremiovencedor.com.br\/novo\/wp-json\/wp\/v2\/tags?post=335"}],"curies":[{"name":"wp","href":"https:\/\/api.w.org\/{rel}","templated":true}]}}