{"id":339,"date":"2016-09-21T12:00:00","date_gmt":"2016-09-21T15:00:00","guid":{"rendered":"https:\/\/gremiovencedor.com.br\/novo\/?p=339"},"modified":"2026-07-30T13:08:37","modified_gmt":"2026-07-30T16:08:37","slug":"reuniao-do-mgv-debate-reta-final-da-campanha-para-as-eleicoes-do-conselho","status":"publish","type":"post","link":"https:\/\/gremiovencedor.com.br\/novo\/reuniao-do-mgv-debate-reta-final-da-campanha-para-as-eleicoes-do-conselho\/","title":{"rendered":"Reuni\u00e3o do MGV debate reta final da campanha para as elei\u00e7\u00f5es do Conselho"},"content":{"rendered":"<p>O Movimento Gr\u00eamio Vencedor \u2013 MGV esteve reunido nesta quarta-feira (21) para debater a reta final da campanha para as elei\u00e7\u00f5es do Conselho Deliberativo. O Movimento integra a Chapa 3, intitulada +Gr\u00eamio, ao lado dos Movimentos Gr\u00eamio Independente, Gr\u00eamio Novo, S\u00f3cios Livres e Na\u00e7\u00e3o Tricolor.\u00a0 Os coordenadores Maur\u00edcio Pedrassani, Renato Munhoz e Thiago Brunetto fizeram um balan\u00e7o da participa\u00e7\u00e3o do MGV na campanha eleitoral at\u00e9 agora e repassaram aos demais integrantes o calend\u00e1rio de atividades nestes \u00faltimos dias antes do pleito. Como ser\u00e1 o processo eleitoral As elei\u00e7\u00f5es para o Conselho Deliberativo do Gr\u00eamio acontecer\u00e3o dia 24 de setembro, das 10h \u00e0s 17h, na Arena do Gr\u00eamio \u2013 Port\u00e3o A. A vota\u00e7\u00e3o ser\u00e1 presencial ou pela internet, para aqueles que habilitaram o voto, atrav\u00e9s do site www.gremioeleicoes2016.com.br Estar\u00e3o aptos a votar os s\u00f3cios maiores de 16 anos (at\u00e9 o dia das elei\u00e7\u00f5es), pertencentes ao Quadro Social h\u00e1 mais de 2 anos ininterruptos e com pagamentos em dia at\u00e9 31 de julho de 2016. O s\u00f3cio deve estar com o cadastro atualizado no Quadro Social. A atualiza\u00e7\u00e3o pode ser feita mediante login no site socio.gremio.net ou atrav\u00e9s da Central de Atendimento na Arena do Gr\u00eamio. Ser\u00e3o escolhidos 150 membros efetivos e 30 suplentes, que trabalhar\u00e3o pelo clube at\u00e9 2022.<\/p>\n","protected":false},"excerpt":{"rendered":"<p>O Movimento Gr\u00eamio Vencedor \u2013 MGV esteve reunido nesta quarta-feira (21) para debater a reta final da campanha para as elei\u00e7\u00f5es do Conselho Deliberativo. O Movimento integra a Chapa 3, intitulada +Gr\u00eamio, ao lado dos Movimentos Gr\u00eamio Independente, Gr\u00eamio Novo, S\u00f3cios Livres e Na\u00e7\u00e3o Tricolor.\u00a0 Os coordenadores Maur\u00edcio Pedrassani, Renato Munhoz e Thiago Brunetto fizeram [&hellip;]<\/p>\n","protected":false},"author":1,"featured_media":340,"comment_status":"closed","ping_status":"closed","sticky":false,"template":"","format":"standard","meta":{"_monsterinsights_skip_tracking":false,"footnotes":""},"categories":[16],"tags":[],"class_list":["post-339","post","type-post","status-publish","format-standard","has-post-thumbnail","hentry","category-noticias"],"_links":{"self":[{"href":"https:\/\/gremiovencedor.com.br\/novo\/wp-json\/wp\/v2\/posts\/339","targetHints":{"allow":["GET"]}}],"collection":[{"href":"https:\/\/gremiovencedor.com.br\/novo\/wp-json\/wp\/v2\/posts"}],"about":[{"href":"https:\/\/gremiovencedor.com.br\/novo\/wp-json\/wp\/v2\/types\/post"}],"author":[{"embeddable":true,"href":"https:\/\/gremiovencedor.com.br\/novo\/wp-json\/wp\/v2\/users\/1"}],"replies":[{"embeddable":true,"href":"https:\/\/gremiovencedor.com.br\/novo\/wp-json\/wp\/v2\/comments?post=339"}],"version-history":[{"count":1,"href":"https:\/\/gremiovencedor.com.br\/novo\/wp-json\/wp\/v2\/posts\/339\/revisions"}],"predecessor-version":[{"id":345,"href":"https:\/\/gremiovencedor.com.br\/novo\/wp-json\/wp\/v2\/posts\/339\/revisions\/345"}],"wp:featuredmedia":[{"embeddable":true,"href":"https:\/\/gremiovencedor.com.br\/novo\/wp-json\/wp\/v2\/media\/340"}],"wp:attachment":[{"href":"https:\/\/gremiovencedor.com.br\/novo\/wp-json\/wp\/v2\/media?parent=339"}],"wp:term":[{"taxonomy":"category","embeddable":true,"href":"https:\/\/gremiovencedor.com.br\/novo\/wp-json\/wp\/v2\/categories?post=339"},{"taxonomy":"post_tag","embeddable":true,"href":"https:\/\/gremiovencedor.com.br\/novo\/wp-json\/wp\/v2\/tags?post=339"}],"curies":[{"name":"wp","href":"https:\/\/api.w.org\/{rel}","templated":true}]}}