{"id":341,"date":"2016-09-22T12:00:00","date_gmt":"2016-09-22T15:00:00","guid":{"rendered":"https:\/\/gremiovencedor.com.br\/novo\/?p=341"},"modified":"2026-07-30T13:08:37","modified_gmt":"2026-07-30T16:08:37","slug":"chapa-gremio-faz-ultima-reuniao-de-mobilizacao-antes-das-eleicoes-do-conselho","status":"publish","type":"post","link":"https:\/\/gremiovencedor.com.br\/novo\/chapa-gremio-faz-ultima-reuniao-de-mobilizacao-antes-das-eleicoes-do-conselho\/","title":{"rendered":"Chapa +Gr\u00eamio faz \u00faltima reuni\u00e3o de mobiliza\u00e7\u00e3o antes das elei\u00e7\u00f5es do Conselho"},"content":{"rendered":"<p>Faltando menos de 48h para as elei\u00e7\u00f5es que renovar\u00e3o 50% do Conselho Deliberativo, a Chapa +Gr\u00eamio reuniu-se nesta quinta-feira (22) para um \u00faltimo encontro de mobiliza\u00e7\u00e3o com todos os seus integrantes. Estiveram presentes representantes dos cinco Movimentos que comp\u00f5em a Chapa 3: Gr\u00eamio Vencedor, Gr\u00eamio Independente, Na\u00e7\u00e3o Tricolor, S\u00f3cios Livres e Gr\u00eamio Novo. O coordenador geral de campanha, Alexandre Bugin, explicou as atividades previstas para o s\u00e1bado, dia 24, data do pleito, e repassou a divis\u00e3o das tarefas. O conselheiro Renato Moreira, lideran\u00e7a do MGV, fez um discurso de mobiliza\u00e7\u00e3o, ressaltando a import\u00e2ncia da participa\u00e7\u00e3o e empenho de todos nestes \u00faltimos dias de campanha. \u2013 O Gr\u00eamio precisa voltar a conquistar t\u00edtulos, de acordo com a grandeza que sempre teve. N\u00f3s temos que trabalhar junto ao associado para que eles nos ajudem a mudar esse quadro. N\u00f3s n\u00e3o podemos deixar o s\u00edmbolo do Gr\u00eamio ser usado em campanha pol\u00edtica partid\u00e1ria como estamos vendo. N\u00f3s temos que mudar isso! Somos a chapa que sempre se apresentou como de oposi\u00e7\u00e3o, e precisamos levar nossas ideias para dentro do Conselho \u2013 destacou Moreira. Para conhecer as propostas da Chapa 3, acesse o site: www.maisgremio.net \u00a0<\/p>\n","protected":false},"excerpt":{"rendered":"<p>Faltando menos de 48h para as elei\u00e7\u00f5es que renovar\u00e3o 50% do Conselho Deliberativo, a Chapa +Gr\u00eamio reuniu-se nesta quinta-feira (22) para um \u00faltimo encontro de mobiliza\u00e7\u00e3o com todos os seus integrantes. Estiveram presentes representantes dos cinco Movimentos que comp\u00f5em a Chapa 3: Gr\u00eamio Vencedor, Gr\u00eamio Independente, Na\u00e7\u00e3o Tricolor, S\u00f3cios Livres e Gr\u00eamio Novo. O coordenador [&hellip;]<\/p>\n","protected":false},"author":1,"featured_media":146,"comment_status":"closed","ping_status":"closed","sticky":false,"template":"","format":"standard","meta":{"_monsterinsights_skip_tracking":false,"footnotes":""},"categories":[16],"tags":[],"class_list":["post-341","post","type-post","status-publish","format-standard","has-post-thumbnail","hentry","category-noticias"],"_links":{"self":[{"href":"https:\/\/gremiovencedor.com.br\/novo\/wp-json\/wp\/v2\/posts\/341","targetHints":{"allow":["GET"]}}],"collection":[{"href":"https:\/\/gremiovencedor.com.br\/novo\/wp-json\/wp\/v2\/posts"}],"about":[{"href":"https:\/\/gremiovencedor.com.br\/novo\/wp-json\/wp\/v2\/types\/post"}],"author":[{"embeddable":true,"href":"https:\/\/gremiovencedor.com.br\/novo\/wp-json\/wp\/v2\/users\/1"}],"replies":[{"embeddable":true,"href":"https:\/\/gremiovencedor.com.br\/novo\/wp-json\/wp\/v2\/comments?post=341"}],"version-history":[{"count":1,"href":"https:\/\/gremiovencedor.com.br\/novo\/wp-json\/wp\/v2\/posts\/341\/revisions"}],"predecessor-version":[{"id":344,"href":"https:\/\/gremiovencedor.com.br\/novo\/wp-json\/wp\/v2\/posts\/341\/revisions\/344"}],"wp:featuredmedia":[{"embeddable":true,"href":"https:\/\/gremiovencedor.com.br\/novo\/wp-json\/wp\/v2\/media\/146"}],"wp:attachment":[{"href":"https:\/\/gremiovencedor.com.br\/novo\/wp-json\/wp\/v2\/media?parent=341"}],"wp:term":[{"taxonomy":"category","embeddable":true,"href":"https:\/\/gremiovencedor.com.br\/novo\/wp-json\/wp\/v2\/categories?post=341"},{"taxonomy":"post_tag","embeddable":true,"href":"https:\/\/gremiovencedor.com.br\/novo\/wp-json\/wp\/v2\/tags?post=341"}],"curies":[{"name":"wp","href":"https:\/\/api.w.org\/{rel}","templated":true}]}}