{"id":343,"date":"2016-09-20T12:00:00","date_gmt":"2016-09-20T15:00:00","guid":{"rendered":"https:\/\/gremiovencedor.com.br\/novo\/?p=343"},"modified":"2026-07-30T13:08:38","modified_gmt":"2026-07-30T16:08:38","slug":"apos-duas-advertencias-chapa-da-situacao-segue-com-praticas-inaceitaveis","status":"publish","type":"post","link":"https:\/\/gremiovencedor.com.br\/novo\/apos-duas-advertencias-chapa-da-situacao-segue-com-praticas-inaceitaveis\/","title":{"rendered":"Ap\u00f3s duas advert\u00eancias, Chapa da situa\u00e7\u00e3o segue com pr\u00e1ticas inaceit\u00e1veis"},"content":{"rendered":"<p>A Chapa 3 &#8211; Mais Gr\u00eamio repudia a pr\u00e1tica da Chapa 4 &#8211; Juntos\u00a0 Somos Gr\u00eamio que, mesmo ap\u00f3s duas advert\u00eancias recebidas da Comiss\u00e3o Eleitoral para que se abstenha do uso do nome do Gr\u00eamio em suas a\u00e7\u00f5es de campanha, segue fazendo \u201duso da m\u00e1quina&#8221; do Clube para a promo\u00e7\u00e3o da sua chapa. Os fatos recentes se referem a uma pesquisa eleitoral que est\u00e1 sendo realizada junto aos associados do Gr\u00eamio, e que tem por objeto a elei\u00e7\u00e3o para o Conselho Deliberativo, que ocorrer\u00e1 no pr\u00f3ximo dia 24\/09. Tal pesquisa est\u00e1 sendo efetivada pela empresa Able Contact Center, a qual se apresenta INDEVIDAMENTE como contratada pelo Gr\u00eamio. No contato telef\u00f4nico realizado por tal empresa, se verifica uma clara indu\u00e7\u00e3o das respostas e um manifesto direcionamento em favor da Chapa 4 &#8211; Juntos Somos Gr\u00eamio. Repudiamos mais essa lament\u00e1vel, irregular e anti\u00e9tica a\u00e7\u00e3o da Chapa 4, que visa a exclusiva promo\u00e7\u00e3o pessoal do Presidente do Gr\u00eamio e da chapa apoiada pelo mesmo, em cristalino abuso que caracteriza o chamado \u201cuso da m\u00e1quina\u201d. A Chapa 3 &#8211; Mais Gr\u00eamio vem a p\u00fablico noticiar tais fatos aos associados gremistas, informando que tal pr\u00e1tica ser\u00e1 novamente levada ao conhecimento da Comiss\u00e3o Eleitoral do Conselho Deliberativo, a fim de que se adotem as medidas cab\u00edveis. Att Coordena\u00e7\u00e3o +Gr\u00eamio Chapa 3 \u00a0<\/p>\n","protected":false},"excerpt":{"rendered":"<p>A Chapa 3 &#8211; Mais Gr\u00eamio repudia a pr\u00e1tica da Chapa 4 &#8211; Juntos\u00a0 Somos Gr\u00eamio que, mesmo ap\u00f3s duas advert\u00eancias recebidas da Comiss\u00e3o Eleitoral para que se abstenha do uso do nome do Gr\u00eamio em suas a\u00e7\u00f5es de campanha, segue fazendo \u201duso da m\u00e1quina&#8221; do Clube para a promo\u00e7\u00e3o da sua chapa. Os fatos [&hellip;]<\/p>\n","protected":false},"author":1,"featured_media":146,"comment_status":"closed","ping_status":"closed","sticky":false,"template":"","format":"standard","meta":{"_monsterinsights_skip_tracking":false,"footnotes":""},"categories":[16],"tags":[],"class_list":["post-343","post","type-post","status-publish","format-standard","has-post-thumbnail","hentry","category-noticias"],"_links":{"self":[{"href":"https:\/\/gremiovencedor.com.br\/novo\/wp-json\/wp\/v2\/posts\/343","targetHints":{"allow":["GET"]}}],"collection":[{"href":"https:\/\/gremiovencedor.com.br\/novo\/wp-json\/wp\/v2\/posts"}],"about":[{"href":"https:\/\/gremiovencedor.com.br\/novo\/wp-json\/wp\/v2\/types\/post"}],"author":[{"embeddable":true,"href":"https:\/\/gremiovencedor.com.br\/novo\/wp-json\/wp\/v2\/users\/1"}],"replies":[{"embeddable":true,"href":"https:\/\/gremiovencedor.com.br\/novo\/wp-json\/wp\/v2\/comments?post=343"}],"version-history":[{"count":1,"href":"https:\/\/gremiovencedor.com.br\/novo\/wp-json\/wp\/v2\/posts\/343\/revisions"}],"predecessor-version":[{"id":346,"href":"https:\/\/gremiovencedor.com.br\/novo\/wp-json\/wp\/v2\/posts\/343\/revisions\/346"}],"wp:featuredmedia":[{"embeddable":true,"href":"https:\/\/gremiovencedor.com.br\/novo\/wp-json\/wp\/v2\/media\/146"}],"wp:attachment":[{"href":"https:\/\/gremiovencedor.com.br\/novo\/wp-json\/wp\/v2\/media?parent=343"}],"wp:term":[{"taxonomy":"category","embeddable":true,"href":"https:\/\/gremiovencedor.com.br\/novo\/wp-json\/wp\/v2\/categories?post=343"},{"taxonomy":"post_tag","embeddable":true,"href":"https:\/\/gremiovencedor.com.br\/novo\/wp-json\/wp\/v2\/tags?post=343"}],"curies":[{"name":"wp","href":"https:\/\/api.w.org\/{rel}","templated":true}]}}